{"id":1220,"date":"2024-05-13T21:13:52","date_gmt":"2024-05-13T19:13:52","guid":{"rendered":"https:\/\/www.gruenes-band.eu\/?p=1220"},"modified":"2024-07-03T21:15:17","modified_gmt":"2024-07-03T19:15:17","slug":"die-kirchennacht-in-der-tschechischen-grenzregion-ist-immer-ein-besonderes-erlebnis","status":"publish","type":"post","link":"https:\/\/www.gruenes-band.eu\/cz\/die-kirchennacht-in-der-tschechischen-grenzregion-ist-immer-ein-besonderes-erlebnis\/","title":{"rendered":"Noc kostel\u016f na Tachovsku se letos odehraje \u010desko-n\u011bmecky"},"content":{"rendered":"<div data-elementor-type=\"wp-post\" data-elementor-id=\"1220\" class=\"elementor elementor-1220\" data-elementor-post-type=\"post\">\n\t\t\t\t<div class=\"elementor-element elementor-element-0a0f9e1 e-flex e-con-boxed e-con e-parent\" data-id=\"0a0f9e1\" data-element_type=\"container\" data-e-type=\"container\">\n\t\t\t\t\t<div class=\"e-con-inner\">\n\t\t<div class=\"elementor-element elementor-element-f932f99 e-flex e-con-boxed e-con e-child\" data-id=\"f932f99\" data-element_type=\"container\" data-e-type=\"container\">\n\t\t\t\t\t<div class=\"e-con-inner\">\n\t\t\t\t<div class=\"elementor-element elementor-element-d25a3c4 elementor-widget__width-initial elementor-widget-tablet__width-inherit elementor-widget elementor-widget-text-editor\" data-id=\"d25a3c4\" data-element_type=\"widget\" data-e-type=\"widget\" data-widget_type=\"text-editor.default\">\n\t\t\t\t<div class=\"elementor-widget-container\">\n\t\t\t\t\t\t\t\t\t<div class=\"marginbottom-30 content-short-description\"><p><strong>Jedn\u00edm z c\u00edl\u016f Noci kostel\u016f je zprost\u0159edkovat ve\u0159ejnosti kulturn\u00ed z\u00e1\u017eitek v sakr\u00e1ln\u00edch prostor\u00e1ch. Nejedn\u00e1 se pouze o kostely, kter\u00e9 jsou nav\u0161t\u011bvov\u00e1ny p\u0159i pravideln\u00fdch bohoslu\u017eb\u00e1ch, ale tak\u00e9 o kostely v pohrani\u010d\u00ed, kter\u00e9 jsou \u010dasto celoro\u010dn\u011b pr\u00e1zdn\u00e9 a kde se v d\u016fsledku pov\u00e1le\u010dn\u00fdch ud\u00e1lost\u00ed na \u010desk\u00e9 stran\u011b sch\u00e1z\u00ed jen minimum v\u011b\u0159\u00edc\u00edch.<\/strong><\/p><p class=\"translation-block\">Domaslav, P\u00edstov, Ole\u0161n\u00e1, Brod a Kras\u00edkov. Kostely v pohrani\u010d\u00ed, kter\u00e9 m\u011bly t\u011b\u017ek\u00fd osud. Po odsunu sudetsk\u00fdch N\u011bmc\u016f byly opu\u0161t\u011bny, za komunismu ch\u00e1traly a v 90. letech 20. stolet\u00ed byly \u010dasto vykr\u00e1d\u00e1ny. Nyn\u00ed se v\u0161ak zd\u00e1, \u017ee nastaly lep\u0161\u00ed \u010dasy. Mnoh\u00e9 z nich ji\u017e pro\u0161ly rekonstrukc\u00ed a jsou v p\u00e9\u010di obc\u00ed nebo ob\u010dansk\u00fdch sdru\u017een\u00ed, kter\u00e1 se je sna\u017e\u00ed zachr\u00e1nit a o\u017eivit.<\/p><\/div><p>V poutn\u00edm kostele svat\u00e9ho Bartolom\u011bje v P\u00edstov\u011b vystoup\u00ed Tachovsk\u00fd chr\u00e1mov\u00fd sbor spole\u010dn\u011b s osmihlas\u00fdm sborem z okresu Tirschenreuth pod veden\u00edm Floriana L\u00f6wa z Pl\u00f6\u00dfbergu.<\/p><p>Dvojkvartet vystoup\u00ed tak\u00e9 v kostele na Kras\u00edkov\u011b vrchu, kde se k nim na p\u00f3diu p\u0159ipoj\u00ed region\u00e1ln\u00ed sbor z Konstantinov\u00fdch L\u00e1zn\u00ed. Pokud po\u010das\u00ed dovol\u00ed, budou moci n\u00e1v\u0161t\u011bvn\u00edci pozorovat no\u010dn\u00ed oblohu astronomick\u00fdmi dalekohledy.<\/p><p>V Domaslavi a Brod\u011b zazn\u00ed jazzov\u00e1 a minimalov\u00e1 hudba Okresn\u00ed hudebn\u00ed \u0161koly Tirschenreuth, v Ole\u0161n\u00e9 vystoup\u00ed popul\u00e1rn\u00ed jazzov\u00e1 skupina Taktikum z Tirschenreuthu. Program najdete na\u00a0<a class=\"external\" href=\"https:\/\/www.nockostelu.cz\/mapa\" rel=\"nofollow\">www.nockostelu.cz\/mapa<\/a>. Na v\u0161ech m\u00edstech bude zaji\u0161t\u011bno ob\u010derstven\u00ed. \u010cervnov\u00e1 noc je p\u0159edev\u0161\u00edm o hudb\u011b, tak si ji nenechte uj\u00edt a vydejte se za hranice, abyste si ji u\u017eili!<\/p>\t\t\t\t\t\t\t\t<\/div>\n\t\t\t\t<\/div>\n\t\t\t\t\t<\/div>\n\t\t\t\t<\/div>\n\t\t<div class=\"elementor-element elementor-element-b600093 e-flex e-con-boxed e-con e-child\" data-id=\"b600093\" data-element_type=\"container\" data-e-type=\"container\">\n\t\t\t\t\t<div class=\"e-con-inner\">\n\t\t\t\t\t<\/div>\n\t\t\t\t<\/div>\n\t\t\t\t\t<\/div>\n\t\t\t\t<\/div>\n\t\t\t\t<\/div>","protected":false},"excerpt":{"rendered":"<p>Jedn\u00edm z c\u00edl\u016f Noci kostel\u016f je zprost\u0159edkovat ve\u0159ejnosti kulturn\u00ed z\u00e1\u017eitek v sakr\u00e1ln\u00edch prostor\u00e1ch. Nejedn\u00e1 se pouze o kostely, kter\u00e9 jsou nav\u0161t\u011bvov\u00e1ny p\u0159i pravideln\u00fdch bohoslu\u017eb\u00e1ch, ale tak\u00e9 o kostely v pohrani\u010d\u00ed, kter\u00e9 jsou \u010dasto celoro\u010dn\u011b pr\u00e1zdn\u00e9 a kde se v d\u016fsledku pov\u00e1le\u010dn\u00fdch ud\u00e1lost\u00ed na \u010desk\u00e9 stran\u011b sch\u00e1z\u00ed jen minimum v\u011b\u0159\u00edc\u00edch.<\/p>","protected":false},"author":2,"featured_media":1221,"comment_status":"closed","ping_status":"closed","sticky":false,"template":"","format":"standard","meta":{"footnotes":""},"categories":[1],"tags":[],"class_list":["post-1220","post","type-post","status-publish","format-standard","has-post-thumbnail","hentry","category-allgemein"],"_links":{"self":[{"href":"https:\/\/www.gruenes-band.eu\/cz\/wp-json\/wp\/v2\/posts\/1220","targetHints":{"allow":["GET"]}}],"collection":[{"href":"https:\/\/www.gruenes-band.eu\/cz\/wp-json\/wp\/v2\/posts"}],"about":[{"href":"https:\/\/www.gruenes-band.eu\/cz\/wp-json\/wp\/v2\/types\/post"}],"author":[{"embeddable":true,"href":"https:\/\/www.gruenes-band.eu\/cz\/wp-json\/wp\/v2\/users\/2"}],"replies":[{"embeddable":true,"href":"https:\/\/www.gruenes-band.eu\/cz\/wp-json\/wp\/v2\/comments?post=1220"}],"version-history":[{"count":4,"href":"https:\/\/www.gruenes-band.eu\/cz\/wp-json\/wp\/v2\/posts\/1220\/revisions"}],"predecessor-version":[{"id":1225,"href":"https:\/\/www.gruenes-band.eu\/cz\/wp-json\/wp\/v2\/posts\/1220\/revisions\/1225"}],"wp:featuredmedia":[{"embeddable":true,"href":"https:\/\/www.gruenes-band.eu\/cz\/wp-json\/wp\/v2\/media\/1221"}],"wp:attachment":[{"href":"https:\/\/www.gruenes-band.eu\/cz\/wp-json\/wp\/v2\/media?parent=1220"}],"wp:term":[{"taxonomy":"category","embeddable":true,"href":"https:\/\/www.gruenes-band.eu\/cz\/wp-json\/wp\/v2\/categories?post=1220"},{"taxonomy":"post_tag","embeddable":true,"href":"https:\/\/www.gruenes-band.eu\/cz\/wp-json\/wp\/v2\/tags?post=1220"}],"curies":[{"name":"wp","href":"https:\/\/api.w.org\/{rel}","templated":true}]}}