{"id":1257,"date":"2024-07-07T06:12:57","date_gmt":"2024-07-07T04:12:57","guid":{"rendered":"https:\/\/www.gruenes-band.eu\/?p=1257"},"modified":"2024-07-25T08:53:39","modified_gmt":"2024-07-25T06:53:39","slug":"von-marktredwitz-nach-waldsassen","status":"publish","type":"post","link":"https:\/\/www.gruenes-band.eu\/cz\/von-marktredwitz-nach-waldsassen\/","title":{"rendered":"Z Marktredwitz do Waldsassenu"},"content":{"rendered":"<div data-elementor-type=\"wp-post\" data-elementor-id=\"1257\" class=\"elementor elementor-1257\" data-elementor-post-type=\"post\">\n\t\t\t\t<div class=\"elementor-element elementor-element-c49eb32 e-flex e-con-boxed e-con e-parent\" data-id=\"c49eb32\" data-element_type=\"container\" data-e-type=\"container\">\n\t\t\t\t\t<div class=\"e-con-inner\">\n\t\t\t\t<div class=\"elementor-element elementor-element-7aec2b1 elementor-widget elementor-widget-text-editor\" data-id=\"7aec2b1\" data-element_type=\"widget\" data-e-type=\"widget\" data-widget_type=\"text-editor.default\">\n\t\t\t\t<div class=\"elementor-widget-container\">\n\t\t\t\t\t\t\t\t\t<p class=\"translation-block\"><strong>P\u00e1tek, 5. 7. 2024<br><\/strong>9:12 hod.: Kone\u010dn\u011b vyr\u00e1\u017e\u00edme. Autobusem a vlakem do Marktredwitz.<\/p><p>Jsme p\u011bkn\u011b nat\u011b\u0161en\u00ed. Co n\u00e1s asi tak \u010dek\u00e1? Nezn\u00e1m\u00fd v\u00e1\u017e\u00ed v 52 v\u00edc ne\u017e v 25 a na\u0161e batohy na z\u00e1dech tak\u00e9 v\u00e1\u017e\u00ed kolem 20 kg.<\/p><p>B\u011bhem cesty region\u00e1ln\u00edm vlakem jsou v\u00fdstupy hl\u00e1\u0161eny i v \u010de\u0161tin\u011b.<\/p><p>P\u0159\u00edjezd do Marktredwitz. P\u0159\u00edjemn\u00ed lid\u00e9 n\u00e1m vysv\u011btluj\u00ed cestu do centra. V turistick\u00e9m informa\u010dn\u00edm centru kupujeme 2 de\u0161tn\u00edky. Zda jsou pot\u0159ebn\u00e9, nebo jen zbyte\u010dn\u00fd balast, se teprve uk\u00e1\u017ee. Za\u010d\u00edn\u00e1me na\u0161i t\u00faru po p\u0159ivad\u011b\u010di po Zlat\u00e9 stezce. Cesta je p\u0159ekvapiv\u011b kr\u00e1sn\u00e1. Zejm\u00e9na les se spoustou javor\u016f. Odpo\u010d\u00edv\u00e1me v Reutlasu, n\u00e1m zn\u00e1m\u00e9m m\u00edst\u011b. Ale Je\u017e\u00ed\u0161 tam nebyl. \u201eTo mus\u00ed\u0161 v\u011bd\u011bt\u201c: V Reutlasu \u017eije asi \u010dty\u0159icetilet\u00fd mu\u017e, kter\u00e9mu v\u0161ichni \u0159\u00edkaj\u00ed prost\u011b Je\u017e\u00ed\u0161. Nad jeho dve\u0159mi je naps\u00e1no. \u201eV\u0161ichni h\u0159\u00ed\u0161n\u00edci v\u00edt\u00e1ni.\u201c<\/p><p>16:16 hod.: M\u00e1me t\u011b\u017ek\u00e9 nohy. Nedo\u0161li jsme tak daleko, jak jsme si p\u016fvodn\u011b mysleli. Putujeme mnohem pomaleji. Nyn\u00ed sed\u00edme u stolu s pivem v \u201eOchsentr\u00e4nke\u201c, nedaleko Steinbergu (705 m n. m. \/ poho\u0159\u00ed Smr\u010diny). Hospoda ve skute\u010dnosti otev\u00edr\u00e1 a\u017e v 18:00 hodin. Ale kdy\u017e n\u00e1s pan\u00ed dom\u00e1c\u00ed uvid\u011bla, hned n\u00e1m nab\u00eddla n\u011bco na zahn\u00e1n\u00ed \u017e\u00edzn\u011b. \u2013 A my si vychutn\u00e1v\u00e1me dom\u00e1c\u00ed bezinkov\u00fd st\u0159ik.<\/p><p>Seznamujeme se s dom\u00e1c\u00edmi. Marlies a Sepp. Ti provozuj\u00ed rustik\u00e1ln\u00ed hosp\u016fdku jako vedlej\u0161\u00ed \u010dinnost ji\u017e t\u0159i roky. Otev\u0159eno je pouze v p\u00e1tek ve\u010der a v ned\u011bli. Na mal\u00e9m pl\u00e1cku tr\u00e1vy p\u0159ed hospodou si m\u016f\u017eeme postavit stan. V hosp\u016fdce se pod\u00e1v\u00e1 v\u00fdborn\u00e1 ve\u010de\u0159e. Na velk\u00e9 obrazovce host\u00e9 sleduj\u00ed fotbal \u2013 N\u011bmecko proti \u0160pan\u011blsku. Po z\u00e1pase a ve\u010de\u0159i jsme posledn\u00edmi hosty. Dlouho si pov\u00edd\u00e1me u skleni\u010dky. Jako p\u0159\u00e1tel\u00e9 jdeme sp\u00e1t resp. do stanu. Ochsentr\u00e4nke m\u016f\u017eeme v\u0161em jen doporu\u010dit.<\/p><p><em>M\u00e9 dne\u0161n\u00ed \u010desk\u00e9 slovo: cesta<\/em><\/p><p><strong>Sobota, 6. 7. 2024<br \/><\/strong>Vst\u00e1v\u00e1me brzy r\u00e1no. Po Marliesov\u011b v\u00fdborn\u00e9 sn\u00eddani op\u011bt vyr\u00e1\u017e\u00edme. Nedojdeme daleko. V Konnersreuthu jsme okouzleni histori\u00ed a p\u0159\u00edtomnost\u00ed \u201eR\u00e9zi\u201c. Op\u011bt potk\u00e1v\u00e1me \u00fa\u017easn\u00e9, p\u0159\u00e1telsk\u00e9 lidi a vedeme fascinuj\u00edc\u00ed rozhovory. Je n\u00e1m dovoleno v R\u00e9zin\u011b zahrad\u011b p\u0159enocovat. Jak\u00e1 \u010dest.<\/p><p><em>M\u00e9 dne\u0161n\u00ed \u010desk\u00e9 slovo: zavazadlo<\/em><\/p><p><strong>Ned\u011ble, 7. 7. 2024<br \/><\/strong>V noci pr\u0161elo. Moc dob\u0159e se mi nespalo. Vzbudil jsem se op\u011bt brzy. Odjezd do Waldsassenu. Zde jsme vpadli p\u0159\u00edmo doprost\u0159ed m\u011bstsk\u00e9 slavnosti. Sed\u00edme u stolu s \u010desk\u00fdmi n\u00e1v\u0161t\u011bvn\u00edky. Bohu\u017eel nemluv\u00ed n\u011bmecky, ale vyzkou\u0161el jsem si nov\u00e1 slov\u00ed\u010dka. Dal\u0161\u00ed ob\u010derstven\u00ed a pak se p\u0159esouv\u00e1me d\u00e1l.<\/p><p><em>M\u00e9 dne\u0161n\u00ed \u010desk\u00e9 slovo: stan<\/em><\/p>\t\t\t\t\t\t\t\t<\/div>\n\t\t\t\t<\/div>\n\t\t\t\t<div class=\"elementor-element elementor-element-f651723 showmoreimages elementor-widget elementor-widget-gallery\" data-id=\"f651723\" data-element_type=\"widget\" data-e-type=\"widget\" data-settings=\"{&quot;columns&quot;:3,&quot;aspect_ratio&quot;:&quot;4:3&quot;,&quot;columns_tablet&quot;:3,&quot;lazyload&quot;:&quot;yes&quot;,&quot;gallery_layout&quot;:&quot;grid&quot;,&quot;columns_mobile&quot;:1,&quot;gap&quot;:{&quot;unit&quot;:&quot;px&quot;,&quot;size&quot;:10,&quot;sizes&quot;:[]},&quot;gap_tablet&quot;:{&quot;unit&quot;:&quot;px&quot;,&quot;size&quot;:10,&quot;sizes&quot;:[]},&quot;gap_mobile&quot;:{&quot;unit&quot;:&quot;px&quot;,&quot;size&quot;:10,&quot;sizes&quot;:[]},&quot;link_to&quot;:&quot;file&quot;,&quot;overlay_background&quot;:&quot;yes&quot;,&quot;content_hover_animation&quot;:&quot;fade-in&quot;}\" data-widget_type=\"gallery.default\">\n\t\t\t\t<div class=\"elementor-widget-container\">\n\t\t\t\t\t\t\t<div class=\"elementor-gallery__container\">\n\t\t\t\t\t\t\t<a class=\"e-gallery-item elementor-gallery-item elementor-animated-content\" href=\"https:\/\/www.gruenes-band.eu\/wp-content\/uploads\/2024\/07\/Machander_img_8532.jpg\" data-elementor-open-lightbox=\"yes\" data-elementor-lightbox-slideshow=\"f651723\" data-e-action-hash=\"#elementor-action%3Aaction%3Dlightbox%26settings%3DeyJpZCI6MTI1OCwidXJsIjoiaHR0cHM6XC9cL3d3dy5ncnVlbmVzLWJhbmQuZXVcL3dwLWNvbnRlbnRcL3VwbG9hZHNcLzIwMjRcLzA3XC9NYWNoYW5kZXJfaW1nXzg1MzIuanBnIiwic2xpZGVzaG93IjoiZjY1MTcyMyJ9\">\n\t\t\t\t\t<div class=\"e-gallery-image elementor-gallery-item__image\" data-thumbnail=\"https:\/\/www.gruenes-band.eu\/wp-content\/uploads\/2024\/07\/Machander_img_8532-768x576.jpg\" data-width=\"768\" data-height=\"576\" aria-label=\"\" role=\"img\" ><\/div>\n\t\t\t\t\t\t\t\t\t\t\t<div class=\"elementor-gallery-item__overlay\"><\/div>\n\t\t\t\t\t\t\t\t\t\t\t\t\t\t<\/a>\n\t\t\t\t\t\t\t<a class=\"e-gallery-item elementor-gallery-item elementor-animated-content\" href=\"https:\/\/www.gruenes-band.eu\/wp-content\/uploads\/2024\/07\/Machander_img_8535.jpg\" data-elementor-open-lightbox=\"yes\" data-elementor-lightbox-slideshow=\"f651723\" data-e-action-hash=\"#elementor-action%3Aaction%3Dlightbox%26settings%3DeyJpZCI6MTI1OSwidXJsIjoiaHR0cHM6XC9cL3d3dy5ncnVlbmVzLWJhbmQuZXVcL3dwLWNvbnRlbnRcL3VwbG9hZHNcLzIwMjRcLzA3XC9NYWNoYW5kZXJfaW1nXzg1MzUuanBnIiwic2xpZGVzaG93IjoiZjY1MTcyMyJ9\">\n\t\t\t\t\t<div class=\"e-gallery-image elementor-gallery-item__image\" data-thumbnail=\"https:\/\/www.gruenes-band.eu\/wp-content\/uploads\/2024\/07\/Machander_img_8535-768x768.jpg\" data-width=\"768\" data-height=\"768\" aria-label=\"\" role=\"img\" ><\/div>\n\t\t\t\t\t\t\t\t\t\t\t<div class=\"elementor-gallery-item__overlay\"><\/div>\n\t\t\t\t\t\t\t\t\t\t\t\t\t\t<\/a>\n\t\t\t\t\t\t\t<a class=\"e-gallery-item elementor-gallery-item elementor-animated-content\" href=\"https:\/\/www.gruenes-band.eu\/wp-content\/uploads\/2024\/07\/Machander_img_8536.jpg\" data-elementor-open-lightbox=\"yes\" data-elementor-lightbox-slideshow=\"f651723\" data-e-action-hash=\"#elementor-action%3Aaction%3Dlightbox%26settings%3DeyJpZCI6MTI2MCwidXJsIjoiaHR0cHM6XC9cL3d3dy5ncnVlbmVzLWJhbmQuZXVcL3dwLWNvbnRlbnRcL3VwbG9hZHNcLzIwMjRcLzA3XC9NYWNoYW5kZXJfaW1nXzg1MzYuanBnIiwic2xpZGVzaG93IjoiZjY1MTcyMyJ9\">\n\t\t\t\t\t<div class=\"e-gallery-image elementor-gallery-item__image\" data-thumbnail=\"https:\/\/www.gruenes-band.eu\/wp-content\/uploads\/2024\/07\/Machander_img_8536-768x576.jpg\" data-width=\"768\" data-height=\"576\" aria-label=\"\" role=\"img\" ><\/div>\n\t\t\t\t\t\t\t\t\t\t\t<div class=\"elementor-gallery-item__overlay\"><\/div>\n\t\t\t\t\t\t\t\t\t\t\t\t\t\t<\/a>\n\t\t\t\t\t<\/div>\n\t\t\t\t\t<\/div>\n\t\t\t\t<\/div>\n\t\t\t\t\t<\/div>\n\t\t\t\t<\/div>\n\t\t\t\t<\/div>","protected":false},"excerpt":{"rendered":"<p>Oliver Machanders Reise entlang des Goldsteigs im Gr\u00fcnen Band<\/p>","protected":false},"author":2,"featured_media":1261,"comment_status":"closed","ping_status":"closed","sticky":false,"template":"","format":"standard","meta":{"footnotes":""},"categories":[55],"tags":[],"class_list":["post-1257","post","type-post","status-publish","format-standard","has-post-thumbnail","hentry","category-grenzblog"],"_links":{"self":[{"href":"https:\/\/www.gruenes-band.eu\/cz\/wp-json\/wp\/v2\/posts\/1257","targetHints":{"allow":["GET"]}}],"collection":[{"href":"https:\/\/www.gruenes-band.eu\/cz\/wp-json\/wp\/v2\/posts"}],"about":[{"href":"https:\/\/www.gruenes-band.eu\/cz\/wp-json\/wp\/v2\/types\/post"}],"author":[{"embeddable":true,"href":"https:\/\/www.gruenes-band.eu\/cz\/wp-json\/wp\/v2\/users\/2"}],"replies":[{"embeddable":true,"href":"https:\/\/www.gruenes-band.eu\/cz\/wp-json\/wp\/v2\/comments?post=1257"}],"version-history":[{"count":8,"href":"https:\/\/www.gruenes-band.eu\/cz\/wp-json\/wp\/v2\/posts\/1257\/revisions"}],"predecessor-version":[{"id":1299,"href":"https:\/\/www.gruenes-band.eu\/cz\/wp-json\/wp\/v2\/posts\/1257\/revisions\/1299"}],"wp:featuredmedia":[{"embeddable":true,"href":"https:\/\/www.gruenes-band.eu\/cz\/wp-json\/wp\/v2\/media\/1261"}],"wp:attachment":[{"href":"https:\/\/www.gruenes-band.eu\/cz\/wp-json\/wp\/v2\/media?parent=1257"}],"wp:term":[{"taxonomy":"category","embeddable":true,"href":"https:\/\/www.gruenes-band.eu\/cz\/wp-json\/wp\/v2\/categories?post=1257"},{"taxonomy":"post_tag","embeddable":true,"href":"https:\/\/www.gruenes-band.eu\/cz\/wp-json\/wp\/v2\/tags?post=1257"}],"curies":[{"name":"wp","href":"https:\/\/api.w.org\/{rel}","templated":true}]}}