{"id":1300,"date":"2024-07-09T11:39:25","date_gmt":"2024-07-09T09:39:25","guid":{"rendered":"https:\/\/www.gruenes-band.eu\/?p=1300"},"modified":"2024-07-25T08:54:16","modified_gmt":"2024-07-25T06:54:16","slug":"von-waldsassen-nach-neualbenreuth","status":"publish","type":"post","link":"https:\/\/www.gruenes-band.eu\/cz\/von-waldsassen-nach-neualbenreuth\/","title":{"rendered":"Z Waldsassenu do Neualbenreuthu"},"content":{"rendered":"<div data-elementor-type=\"wp-post\" data-elementor-id=\"1300\" class=\"elementor elementor-1300\" data-elementor-post-type=\"post\">\n\t\t\t\t<div class=\"elementor-element elementor-element-84ff640 e-flex e-con-boxed e-con e-parent\" data-id=\"84ff640\" data-element_type=\"container\" data-e-type=\"container\">\n\t\t\t\t\t<div class=\"e-con-inner\">\n\t\t\t\t<div class=\"elementor-element elementor-element-6368d62 elementor-widget elementor-widget-text-editor\" data-id=\"6368d62\" data-element_type=\"widget\" data-e-type=\"widget\" data-widget_type=\"text-editor.default\">\n\t\t\t\t<div class=\"elementor-widget-container\">\n\t\t\t\t\t\t\t\t\t<p><strong>Montag,\u00a0 08.07.2024<br \/><\/strong>Nach einer Nacht im Stiftwald hinter der Forstkapelle geht es weiter nach Maiersreuth. Als wir aus dem Wald treten erwartet uns ein traumhaft sch\u00f6nes Panorama. Ein wei\u00df-blauer Himmel, goldene Felder und in der Ferne, gr\u00fc\u00dfen blaue Berge. Tschechien winkt uns zu.<\/p><p>Bald darauf erreichen wir Maiersreuth. Dort gibt das fantastische Kunstprojekt: BADEHAUS. Gerade in dem malerischen Dorf angekommen, spreche ich die erste Person an, die mir ins Auge f\u00e4llt. Sie stellt sich uns als Petra vor und ist Mitglied im Kunstprojekt BADEHAUS MAIERSREUTH e.V.! Nat\u00fcrlich kennt sie die K\u00fcnstlerin Susanne Neumann, die 1. Vorsitzende. Mit ihrer Zustimmung d\u00fcrfen wir das Kunstprojekt und die alte Schule besichtigen, die ebenso ein Teil davon ist. Grandios renoviert, dient sie heute als K\u00fcnstlerresidenz. K\u00fcnstlerInnen k\u00f6nnen sich dort kosteng\u00fcnstig zur\u00fcckziehen und arbeiten.<\/p><p>Im Anschluss tauchen wir in das BADEHAUS ein. Schnell einen Wasserball aufgepumpt, tanze ich durch das luftige Wasserbecken.Was das BADEHAUS alles ist, bitte\u00a0<strong><a class=\"external\" href=\"http:\/\/www.badehaus-maiersreuth.de\/\" rel=\"nofollow\">hier<\/a><\/strong>\u00a0abtauchen.<\/p><p>Weiter geht es in das urige Neualbenreuth. Kaum angekommen, sind wir in das St\u00e4dtchen mit Egerl\u00e4nder Fachwerk verliebt. Unbedingt einen Besuch wert, nicht nur wegen dem Sibyllenbad, dem Magneten der Region. Nach einer St\u00e4rkung im Dorfladen machen wir uns auf zum Campingplatz, freuen uns schon auf die Dusche, als ein Hengst aus seiner Koppel ausbricht und im wilden Galopp flieht. Ein Fahrradfahrer hat das arme Tier in Panik versetzt. Alles geht gut aus. Das kluge Pferd eilt nach Hause und wir genie\u00dfen unsere Brause. Wir checken f\u00fcr zwei N\u00e4chte ein.<\/p><p><em>Mein tschechisches Wort f\u00fcr heute: les \u2013 Wald.<\/em><\/p><p><strong>Dienstag, 09.07.2024<br \/><\/strong>Mit leichtem Gep\u00e4ck geht es heute auf eine gro\u00dfe Runde um Neualbenreuth. Unsere erste Station, ein Lost-Place. Wir haben erfahren, dass sich hinter dem Sibyllenbad, versteckt in einem W\u00e4ldchen, eine bizarre Bauruine befindet. Sie ist der gescheiterte Versuch eines Kurbades von 1971. Die ganze Geschichte, des B\u00e4derbetriebes ist kurios und verzwickt. Wer mehr wissen will, hinfahren, nachschauen und fragen.<\/p><p>Unser n\u00e4chstes Ziel ist Hardeck, mit einem liebevoll sanierten Schloss. Einst residierte hier der Abt von Waldsassen. Die Geschichte reicht \u00fcber 1000 Jahre zur\u00fcck. Mehr dazu kann man in meinem Buch nachlesen, dass ich \u00fcber unsere Reise schreiben werde und auf der Webseite des Schlosses:\u00a0<a class=\"external\" href=\"http:\/\/www.schloss-hardeck.de\/\" rel=\"nofollow\">http:\/\/www.schloss-hardeck.de<\/a><\/p><p>Wichtiger ist vielmehr, dass wir die Ehre haben, die heutigen Schlossbesitzer kennenlernen zu d\u00fcrfen. Das freundliche, pensionierte Lehrerehepaar S\u00f6llner f\u00fchrt uns durch und um das ehrw\u00fcrdige Gem\u00e4uer. Sie nehmen sich Zeit f\u00fcr unsere Fragen und wissen allerhand zu berichten.<\/p><p>Auf ihre Empfehlung hin ist unsere n\u00e4chste Station Eisenb\u00fchl, ein erloschener Vulkanschlot. Er liegt bereits in Tschechien und so \u00fcberqueren wir zum ersten Mal die Grenze. Eine Infotafel gibt in CZ \/ D Auskunft \u00fcber die Geologie des Eisenb\u00fchl. Wir biegen links in einen kleinen Pfad ab und gelangen zum erloschenen Schlot, ein verzauberter Ort.<\/p><p>Weiteres Tagesziel: der Dylen \/ Tillenberg. Mit 939 Metern ist er die h\u00f6chste Erhebung in der Region. 9 km und 200 H\u00f6henmeter liegen vor uns. Schattige Wald- und staubige Feldwege l\u00f6sen sich ab. Es wird hei\u00df und wir kommen ins Schwitzen. Schlie\u00dflich geht es durch einen Bergwald steil hinauf. Unz\u00e4hligen, gro\u00dfe Ameisenhaufen \u00fcbers\u00e4hen den Hang. An der Abzweigung Neualbenreuth, entscheiden wir uns nicht mehr bis zur Spitze weiter zu gehen. Oben w\u00fcrde uns nur eine umz\u00e4unte, h\u00e4ssliche Funkstation erwarten.<\/p><p>Nachdem Abstieg m\u00fcssen wir einer kleinen Teerstra\u00dfe folgen. Das Wasser ist aus und die Beine schwer. Gott sei Dank nimmt uns ein Einheimischer in seinem alten VW-Feuerwehr-Bus bis nach Neualbenreuth mit. Der Dorfladen ist unsere Rettung. Vier gek\u00fchlte Radler. Prost! Schon sind sie leer. Auf bekannten Pfaden geht es zur\u00fcck zum Zelt.<\/p><p><em>Mein tschechisches Wort f\u00fcr heute: sm\u011br \u2013 Richtung<\/em><\/p>\t\t\t\t\t\t\t\t<\/div>\n\t\t\t\t<\/div>\n\t\t\t\t<div class=\"elementor-element elementor-element-7345292 showmoreimages elementor-widget elementor-widget-gallery\" data-id=\"7345292\" data-element_type=\"widget\" data-e-type=\"widget\" data-settings=\"{&quot;columns&quot;:3,&quot;aspect_ratio&quot;:&quot;4:3&quot;,&quot;columns_tablet&quot;:3,&quot;lazyload&quot;:&quot;yes&quot;,&quot;gallery_layout&quot;:&quot;grid&quot;,&quot;columns_mobile&quot;:1,&quot;gap&quot;:{&quot;unit&quot;:&quot;px&quot;,&quot;size&quot;:10,&quot;sizes&quot;:[]},&quot;gap_tablet&quot;:{&quot;unit&quot;:&quot;px&quot;,&quot;size&quot;:10,&quot;sizes&quot;:[]},&quot;gap_mobile&quot;:{&quot;unit&quot;:&quot;px&quot;,&quot;size&quot;:10,&quot;sizes&quot;:[]},&quot;link_to&quot;:&quot;file&quot;,&quot;overlay_background&quot;:&quot;yes&quot;,&quot;content_hover_animation&quot;:&quot;fade-in&quot;}\" data-widget_type=\"gallery.default\">\n\t\t\t\t<div class=\"elementor-widget-container\">\n\t\t\t\t\t\t\t<div class=\"elementor-gallery__container\">\n\t\t\t\t\t\t\t<a class=\"e-gallery-item elementor-gallery-item elementor-animated-content\" href=\"https:\/\/www.gruenes-band.eu\/wp-content\/uploads\/2024\/07\/Badehaus-Meiersreuth_Machander-1.jpg\" data-elementor-open-lightbox=\"yes\" data-elementor-lightbox-slideshow=\"7345292\" data-e-action-hash=\"#elementor-action%3Aaction%3Dlightbox%26settings%3DeyJpZCI6MTMwNCwidXJsIjoiaHR0cHM6XC9cL3d3dy5ncnVlbmVzLWJhbmQuZXVcL3dwLWNvbnRlbnRcL3VwbG9hZHNcLzIwMjRcLzA3XC9CYWRlaGF1cy1NZWllcnNyZXV0aF9NYWNoYW5kZXItMS5qcGciLCJzbGlkZXNob3ciOiI3MzQ1MjkyIn0%3D\">\n\t\t\t\t\t<div class=\"e-gallery-image elementor-gallery-item__image\" data-thumbnail=\"https:\/\/www.gruenes-band.eu\/wp-content\/uploads\/2024\/07\/Badehaus-Meiersreuth_Machander-1-768x1024.jpg\" data-width=\"768\" data-height=\"1024\" aria-label=\"\" role=\"img\" ><\/div>\n\t\t\t\t\t\t\t\t\t\t\t<div class=\"elementor-gallery-item__overlay\"><\/div>\n\t\t\t\t\t\t\t\t\t\t\t\t\t\t<\/a>\n\t\t\t\t\t\t\t<a class=\"e-gallery-item elementor-gallery-item elementor-animated-content\" href=\"https:\/\/www.gruenes-band.eu\/wp-content\/uploads\/2024\/07\/Eisenbuehl_Machander.jpg\" data-elementor-open-lightbox=\"yes\" data-elementor-lightbox-slideshow=\"7345292\" data-e-action-hash=\"#elementor-action%3Aaction%3Dlightbox%26settings%3DeyJpZCI6MTMwNiwidXJsIjoiaHR0cHM6XC9cL3d3dy5ncnVlbmVzLWJhbmQuZXVcL3dwLWNvbnRlbnRcL3VwbG9hZHNcLzIwMjRcLzA3XC9FaXNlbmJ1ZWhsX01hY2hhbmRlci5qcGciLCJzbGlkZXNob3ciOiI3MzQ1MjkyIn0%3D\">\n\t\t\t\t\t<div class=\"e-gallery-image elementor-gallery-item__image\" data-thumbnail=\"https:\/\/www.gruenes-band.eu\/wp-content\/uploads\/2024\/07\/Eisenbuehl_Machander-768x1024.jpg\" data-width=\"768\" data-height=\"1024\" aria-label=\"\" role=\"img\" ><\/div>\n\t\t\t\t\t\t\t\t\t\t\t<div class=\"elementor-gallery-item__overlay\"><\/div>\n\t\t\t\t\t\t\t\t\t\t\t\t\t\t<\/a>\n\t\t\t\t\t\t\t<a class=\"e-gallery-item elementor-gallery-item elementor-animated-content\" href=\"https:\/\/www.gruenes-band.eu\/wp-content\/uploads\/2024\/07\/Tillenberg.jpg\" data-elementor-open-lightbox=\"yes\" data-elementor-lightbox-slideshow=\"7345292\" data-e-action-hash=\"#elementor-action%3Aaction%3Dlightbox%26settings%3DeyJpZCI6MTMwOCwidXJsIjoiaHR0cHM6XC9cL3d3dy5ncnVlbmVzLWJhbmQuZXVcL3dwLWNvbnRlbnRcL3VwbG9hZHNcLzIwMjRcLzA3XC9UaWxsZW5iZXJnLmpwZyIsInNsaWRlc2hvdyI6IjczNDUyOTIifQ%3D%3D\">\n\t\t\t\t\t<div class=\"e-gallery-image elementor-gallery-item__image\" data-thumbnail=\"https:\/\/www.gruenes-band.eu\/wp-content\/uploads\/2024\/07\/Tillenberg-768x1024.jpg\" data-width=\"768\" data-height=\"1024\" aria-label=\"\" role=\"img\" ><\/div>\n\t\t\t\t\t\t\t\t\t\t\t<div class=\"elementor-gallery-item__overlay\"><\/div>\n\t\t\t\t\t\t\t\t\t\t\t\t\t\t<\/a>\n\t\t\t\t\t\t\t<a class=\"e-gallery-item elementor-gallery-item elementor-animated-content\" href=\"https:\/\/www.gruenes-band.eu\/wp-content\/uploads\/2024\/07\/Schloss-Hardeck_Machander.jpg\" data-elementor-open-lightbox=\"yes\" data-elementor-lightbox-slideshow=\"7345292\" data-e-action-hash=\"#elementor-action%3Aaction%3Dlightbox%26settings%3DeyJpZCI6MTMwNywidXJsIjoiaHR0cHM6XC9cL3d3dy5ncnVlbmVzLWJhbmQuZXVcL3dwLWNvbnRlbnRcL3VwbG9hZHNcLzIwMjRcLzA3XC9TY2hsb3NzLUhhcmRlY2tfTWFjaGFuZGVyLmpwZyIsInNsaWRlc2hvdyI6IjczNDUyOTIifQ%3D%3D\">\n\t\t\t\t\t<div class=\"e-gallery-image elementor-gallery-item__image\" data-thumbnail=\"https:\/\/www.gruenes-band.eu\/wp-content\/uploads\/2024\/07\/Schloss-Hardeck_Machander-768x576.jpg\" data-width=\"768\" data-height=\"576\" aria-label=\"\" role=\"img\" ><\/div>\n\t\t\t\t\t\t\t\t\t\t\t<div class=\"elementor-gallery-item__overlay\"><\/div>\n\t\t\t\t\t\t\t\t\t\t\t\t\t\t<\/a>\n\t\t\t\t\t<\/div>\n\t\t\t\t\t<\/div>\n\t\t\t\t<\/div>\n\t\t\t\t\t<\/div>\n\t\t\t\t<\/div>\n\t\t\t\t<\/div>","protected":false},"excerpt":{"rendered":"<p>Cesta Olivera Machandera pod\u00e9l Zlat\u00e9 stezky v Zelen\u00e9m p\u00e1su.<\/p>\n<p>Kunstprojekt BADEHAUS Maiersreuth &#8211; Egerl\u00e4nder Fachwerk &#8211; Schloss Hardeck &#8211; Vulkanschlot Eisenb\u00fchl &#8211; 939 m \u00fcber dem Meeresspiegel<\/p>","protected":false},"author":2,"featured_media":1305,"comment_status":"closed","ping_status":"closed","sticky":false,"template":"","format":"standard","meta":{"footnotes":""},"categories":[55],"tags":[],"class_list":["post-1300","post","type-post","status-publish","format-standard","has-post-thumbnail","hentry","category-grenzblog"],"_links":{"self":[{"href":"https:\/\/www.gruenes-band.eu\/cz\/wp-json\/wp\/v2\/posts\/1300","targetHints":{"allow":["GET"]}}],"collection":[{"href":"https:\/\/www.gruenes-band.eu\/cz\/wp-json\/wp\/v2\/posts"}],"about":[{"href":"https:\/\/www.gruenes-band.eu\/cz\/wp-json\/wp\/v2\/types\/post"}],"author":[{"embeddable":true,"href":"https:\/\/www.gruenes-band.eu\/cz\/wp-json\/wp\/v2\/users\/2"}],"replies":[{"embeddable":true,"href":"https:\/\/www.gruenes-band.eu\/cz\/wp-json\/wp\/v2\/comments?post=1300"}],"version-history":[{"count":7,"href":"https:\/\/www.gruenes-band.eu\/cz\/wp-json\/wp\/v2\/posts\/1300\/revisions"}],"predecessor-version":[{"id":1313,"href":"https:\/\/www.gruenes-band.eu\/cz\/wp-json\/wp\/v2\/posts\/1300\/revisions\/1313"}],"wp:featuredmedia":[{"embeddable":true,"href":"https:\/\/www.gruenes-band.eu\/cz\/wp-json\/wp\/v2\/media\/1305"}],"wp:attachment":[{"href":"https:\/\/www.gruenes-band.eu\/cz\/wp-json\/wp\/v2\/media?parent=1300"}],"wp:term":[{"taxonomy":"category","embeddable":true,"href":"https:\/\/www.gruenes-band.eu\/cz\/wp-json\/wp\/v2\/categories?post=1300"},{"taxonomy":"post_tag","embeddable":true,"href":"https:\/\/www.gruenes-band.eu\/cz\/wp-json\/wp\/v2\/tags?post=1300"}],"curies":[{"name":"wp","href":"https:\/\/api.w.org\/{rel}","templated":true}]}}