{"id":1334,"date":"2024-07-16T08:57:31","date_gmt":"2024-07-16T06:57:31","guid":{"rendered":"https:\/\/www.gruenes-band.eu\/?p=1334"},"modified":"2024-07-25T09:11:45","modified_gmt":"2024-07-25T07:11:45","slug":"von-paulusbrunn-nach-bela-nad-radbuzou","status":"publish","type":"post","link":"https:\/\/www.gruenes-band.eu\/cz\/von-paulusbrunn-nach-bela-nad-radbuzou\/","title":{"rendered":"Z Pavlova Studence do B\u011bl\u00e9 nad Radbuzou"},"content":{"rendered":"<div data-elementor-type=\"wp-post\" data-elementor-id=\"1334\" class=\"elementor elementor-1334\" data-elementor-post-type=\"post\">\n\t\t\t\t<div class=\"elementor-element elementor-element-fa4af22 e-flex e-con-boxed e-con e-parent\" data-id=\"fa4af22\" data-element_type=\"container\" data-e-type=\"container\">\n\t\t\t\t\t<div class=\"e-con-inner\">\n\t\t\t\t<div class=\"elementor-element elementor-element-71a7131 elementor-widget elementor-widget-text-editor\" data-id=\"71a7131\" data-element_type=\"widget\" data-e-type=\"widget\" data-widget_type=\"text-editor.default\">\n\t\t\t\t<div class=\"elementor-widget-container\">\n\t\t\t\t\t\t\t\t\t<p><strong>14.07.2024<br \/><\/strong>S modrob\u00edlou oblohou nad hlavou sed\u00edme u pivn\u00edho stolu a sn\u00edd\u00e1me m\u00edchan\u00e1 vaj\u00ed\u010dka se slaninou s lidmi z obou stran hranice. Potk\u00e1v\u00e1me Kl\u00e1ru z B\u00e4rnau a Luk\u00e1\u0161e z Tachova. Dal\u0161\u00ed \u0161\u0165astn\u00e1 n\u00e1hoda. Kl\u00e1ra n\u00e1s sveze do Tachova a Luk\u00e1\u0161 n\u00e1m ve m\u011bst\u011b za\u0159\u00edd\u00ed kemp. Po sn\u00eddani se srde\u010dn\u011b rozlou\u010d\u00edme. Kl\u00e1ra chce je\u0161t\u011b ten den nav\u0161t\u00edvit Tachov se sv\u00fdm kamar\u00e1dem a odv\u00e1\u017e\u00ed n\u00e1s do Sv\u011btce \/ Heiligenu. Zde se nach\u00e1z\u00ed b\u00fdval\u00e1 kn\u00ed\u017eec\u00ed Windischgr\u00e4tzova jezdeck\u00e1 \u0161kola. Po \u0160pan\u011blsk\u00e9 dvorn\u00ed jezdeck\u00e9 \u0161kole ve V\u00eddni je druhou nejv\u011bt\u0161\u00ed ve st\u0159edn\u00ed Evrop\u011b. Od ned\u00e1vna op\u011bt z\u00e1\u0159\u00ed ve sv\u00e9 b\u00fdval\u00e9 kr\u00e1se. Rozhodn\u011b stoj\u00ed za n\u00e1v\u0161t\u011bvu!<\/p><p>Informace: <a href=\"http:\/\/www.jizdarna-svetce.de\">http:\/\/www.jizdarna-svetce.de<\/a><\/p><p>Nedaleko sm\u011brem do kopce naraz\u00edme na dal\u0161\u00ed velkolepou stavbu. Jedn\u00e1 se o z\u0159\u00edceninu b\u00fdval\u00e9ho kl\u00e1\u0161tern\u00edho kostela resp. z\u00e1mku \u201e14 svat\u00fdch pomocn\u00edk\u016f\u201c. Ud\u011bl\u00e1me p\u00e1r fotek a pak se vyd\u00e1me pod\u00e9l potoka, kter\u00fd vede parkem s n\u00e1dhern\u00fdmi star\u00fdmi stromy sm\u011brem k Tachovu. Asi po dvou kilometrech doraz\u00edme k c\u00edli na\u0161\u00ed cesty. Sportovn\u00ed h\u0159i\u0161t\u011b plus restaurace. Tam si m\u016f\u017eeme postavit stan a posilnit se pizzou a pivem Chodovar! Ostatn\u00ed host\u00e9 doraz\u00ed tak\u00e9 p\u011b\u0161ky, ale jeden na koni. Uv\u00e1\u017ee ho jako v saloonu, sedne si, j\u00ed a pije. Vtipn\u00e9!<\/p><p><em>M\u00e9 dne\u0161n\u00ed \u010desk\u00e9 slovo: k\u016f\u0148<\/em><\/p><p><strong>15.07.2024<br \/><\/strong>Dneska jsme se opravdu po\u0159\u00e1dn\u011b nevyspali. Noc ve m\u011bst\u011b byla pro n\u00e1s p\u0159\u00edli\u0161 sv\u011btl\u00e1 a p\u0159\u00edli\u0161 hlu\u010dn\u00e1. Po sn\u00eddani chceme rychle vypadnout z \u201ecivilizace\u201c. P\u0159\u00edjemn\u00ed lid\u00e9 n\u00e1m vysv\u011btluj\u00ed cestu do Dlouh\u00e9ho \u00dajezdu. Jakmile doraz\u00edme, proch\u00e1z\u00edme se m\u011bstem a po\u0159\u00e1dn\u011b se zapot\u00edme - je hork\u00fd den. Na\u0161e dal\u0161\u00ed zast\u00e1vka: Mar\u0161ovy Chody. Malebn\u00e1 vesni\u010dka s l\u00e1skypln\u011b opraven\u00fdmi statky. D\u011bl\u00e1me si p\u0159est\u00e1vku na stinn\u00e9 louce. Pros\u00edm \u017eenu, aby n\u00e1m doplnila vodu do l\u00e1hve (1 litr). M\u00edsto toho n\u00e1m d\u00e1v\u00e1 2 nov\u00e9 lahve na vodu (ka\u017ed\u00e1 1,5 litru). Super mil\u00e9, ale tak\u00e9 o 3 kg t\u011b\u017e\u0161\u00ed na no\u0161en\u00ed. Opou\u0161t\u00edme Zlatou stezku a vyd\u00e1v\u00e1me se stinnou cestou lesem. Kdy\u017e vyjdeme z lesa, \u010dek\u00e1 n\u00e1s dal\u0161\u00ed p\u0159ekvapen\u00ed. U vjezdu do obce Nov\u00e9 Sedli\u0161t\u011b objevujeme star\u00fd kostel. Jen st\u0159echa byla p\u0159ed n\u011bkolika lety opravena. Do kostela vch\u00e1z\u00edme p\u0159es zabedn\u011bn\u00fd prostor. Uvnit\u0159 na n\u00e1s d\u00fdchne mystick\u00e1 atmosf\u00e9ra. \u0160ept\u00e1me si, neodva\u017eujeme se ru\u0161it \u201emrtv\u00e9 ticho\u201c uvnit\u0159 zd\u00ed. V \u00fa\u017easu obdivujeme stavbu. Odch\u00e1z\u00edme s hus\u00ed k\u016f\u017e\u00ed. Pokra\u010dujeme sm\u011brem k Labuti. Podle mapy se tam nach\u00e1z\u00ed jezero ke koup\u00e1n\u00ed. U\u017e se t\u011b\u0161\u00edme na chladivou vodu. Zpocen\u00ed p\u0159ich\u00e1z\u00edme k na\u0161emu vysn\u011bn\u00e9mu c\u00edli! Ale jak\u00e9 velk\u00e9 zklam\u00e1n\u00ed! Jezero tam sice je, ale pob\u0159e\u017en\u00ed \u010d\u00e1st ke koup\u00e1n\u00ed je v soukrom\u00e9m vlastnictv\u00ed! Nakonec nach\u00e1z\u00edme p\u011bkn\u00e9, stinn\u00e9 m\u00edsto k odpo\u010dinku u potoka.<\/p><p>Chceme pokra\u010dovat do P\u0159imdy. \u010cek\u00e1 n\u00e1s je\u0161t\u011b kus cesty. Kdy\u017e za sebou nech\u00e1v\u00e1me dal\u0161\u00ed vesnici, \u00dajezd pod P\u0159imdou, cesta prudce stoup\u00e1. M\u00e1me za sebou dlouh\u00fd a hork\u00fd den. Nohy m\u00e1me t\u011b\u017ek\u00e9. S 20 kg na z\u00e1dech se stoup\u00e1n\u00ed st\u00e1v\u00e1 utrpen\u00edm. Kdy\u017e jsme vystoupali asi do 2\/3 cesty, odhazuji batoh na cestu, st\u00e9n\u00e1m, zad\u00fdch\u00e1v\u00e1m se a piji vodu. Jdeme d\u00e1l. Kdy\u017e kone\u010dn\u011b dos\u00e1hneme vrcholu, naraz\u00edme na ly\u017ea\u0159sk\u00fd vlek s ly\u017ea\u0159skou chatou. Skv\u011bl\u00fd v\u00fdhled! Skv\u011bl\u00e1 louka! Stav\u00edme stan. D\u00e1l u\u017e dnes nep\u016fjdeme! Kolem se proh\u00e1n\u00ed veverka.<\/p><p><em>M\u00e9 dne\u0161n\u00ed \u010desk\u00e9 slovo: veverka obecn\u00e1<\/em><\/p><p><strong>16.07.2024<br \/><\/strong>Nastal zvrat po\u010das\u00ed. V noci pr\u0161elo. Dnes je sv\u011b\u017e\u00ed vzduch a zamra\u010deno. P\u0159esouv\u00e1me se dol\u016f do mal\u00e9ho m\u011bsta, P\u0159imda. N\u00e1\u0161 c\u00edl Touri-INFO. Ochotn\u00fd p\u00e1n n\u00e1m prozradil, \u017ee hned za rohem je halov\u00e9 koupali\u0161t\u011b. To je sen! Uvnit\u0159 n\u00e1s o\u010dek\u00e1v\u00e1 p\u0159\u00e1telsk\u00e1 pan\u00ed, kter\u00e1 mluv\u00ed velmi dob\u0159e n\u011bmecky, vytu\u0161\u00ed dokonce co pot\u0159ebujeme. Sprchu! Na\u0161e batohy m\u016f\u017eeme odlo\u017eit v mal\u00e9l bistru. V\u0161echno n\u00e1m vysv\u011btl\u00ed a d\u00e1 n\u00e1m kl\u00ed\u010de od \u0161atny. V p\u00e1nsk\u00e9 p\u0159evl\u00e9k\u00e1rn\u011b jsem s\u00e1m. Vydatn\u011b se sprchuji, ohol\u00edm, myji si zuby. Pak se jde do halov\u00e9ho koupali\u0161t\u011b. Ritchi tam ji\u017e je a my jsme jedin\u00ed host\u00e9. Koup\u00e1n\u00ed jen pro n\u00e1s, luxus pure! Zaplaveme si n\u011bkolikr\u00e1t. Kdy\u017e se rozhl\u00e9dneme, objev\u00edme whirlpool! Vrhneme se tam, fantastick\u00e9! Sotva jsme v hork\u00e9 vod\u011b, za\u010d\u00edn\u00e1 to bublat. Mohl bych zde str\u00e1vit cel\u00fd den. Moje lep\u0161\u00ed polovi\u010dka v\u0161ak chce pokra\u010dovat d\u00e1l. Tak v poledne opou\u0161t\u00edme koupali\u0161t\u011b, \u010dist\u00ed a odpo\u010dat\u00ed! Venku je obloha p\u0159\u00e1tel\u0161t\u011bj\u0161\u00ed, protrh\u00e1v\u00e1, po\u010das\u00ed se lep\u0161\u00ed. Po cest\u011b opou\u0161t\u00edme m\u011bsto. Asi po 40 minut\u00e1ch odbo\u010dujeme na lesn\u00ed a lu\u010dn\u00ed cestu. Vychutn\u00e1v\u00e1me si kr\u00e1su p\u0159\u00edrody, \u00a0p\u0159ich\u00e1z\u00edme ke star\u00e9 ruin\u011b kostela sv. Apoleny. I ta m\u00e1 sv\u016fj \u0161arm, ale p\u016fsob\u00ed na n\u00e1s m\u00e9n\u011b, ne\u017e v\u010derej\u0161\u00ed kostel. D\u00e1le pokra\u010dujeme lesem a dost\u00e1v\u00e1me se do T\u0159eme\u0161n\u00e9ho. Opticky p\u0159\u00edjemn\u00e1 vesnice, ale bohu\u017eel mnoho ps\u016f, kte\u0159\u00ed na n\u00e1s \u0161t\u011bkaj\u00ed ze v\u0161ech zahrad. Uprost\u0159ed op\u011bt hezky zalo\u017een\u00e1 n\u00e1ves, se stolem a lavicemi. Hned vedle je restaurace. Jdu dovnit\u0159. Tam m\u011b \u010dek\u00e1 za\u010douzen\u00e1 hospoda s jednou \u017eenou a dv\u011bma mu\u017ei. Hospodsk\u00fd mi hned \u0159\u00edk\u00e1, \u017ee nemaj\u00ed nic k j\u00eddlu. Pt\u00e1m se na pivo. Ano, to mohu m\u00edt. Venku, na \u010derstv\u00e9m vzduchu se t\u00edm pos\u00edl\u00edme. Pokra\u010dujeme kouzeln\u00fdm \u00fadol\u00edm. Ritchi si st\u011b\u017euje, \u017ee jdu moc rychle. Pivo zjevn\u011b probudilo ve m\u011b nov\u00e9 s\u00edly. Pokra\u010dujeme op\u011bt do kopce, p\u0159es les, dnes docela klidn\u011b, na rozd\u00edl od v\u010derej\u0161ka. \u00a0Najednou se obloha zat\u00e1hne, \u017eenou se k n\u00e1m \u010dern\u00e9 t\u011b\u017ek\u00e9 mraky. Vych\u00e1z\u00edme z lesa a stoj\u00edme na velk\u00e9 \u010derstv\u011b pose\u010den\u00e9 louce. Rychle postav\u00edme stan, v\u0161echno dovnit\u0159! Sotva jsme uvnit\u0159, za\u010d\u00edn\u00e1 l\u00edt. D\u0159ep\u00edme v suchu, jsme vd\u011b\u010dn\u00ed a \u0161\u0165astn\u00ed! P\u0159eh\u00e1\u0148ka je prudk\u00e1, ale kr\u00e1tk\u00e1. Kdy\u017e vykoukneme ven ze stanu, zdrav\u00ed n\u00e1s duha.<\/p><p><em>M\u00e9 \u010desk\u00e9 slovo pro dne\u0161ek: baz\u00e9n<\/em><\/p>\t\t\t\t\t\t\t\t<\/div>\n\t\t\t\t<\/div>\n\t\t\t\t<div class=\"elementor-element elementor-element-408c1d9 showmoreimages elementor-widget elementor-widget-gallery\" data-id=\"408c1d9\" data-element_type=\"widget\" data-e-type=\"widget\" data-settings=\"{&quot;columns&quot;:3,&quot;aspect_ratio&quot;:&quot;4:3&quot;,&quot;columns_tablet&quot;:3,&quot;lazyload&quot;:&quot;yes&quot;,&quot;gallery_layout&quot;:&quot;grid&quot;,&quot;columns_mobile&quot;:1,&quot;gap&quot;:{&quot;unit&quot;:&quot;px&quot;,&quot;size&quot;:10,&quot;sizes&quot;:[]},&quot;gap_tablet&quot;:{&quot;unit&quot;:&quot;px&quot;,&quot;size&quot;:10,&quot;sizes&quot;:[]},&quot;gap_mobile&quot;:{&quot;unit&quot;:&quot;px&quot;,&quot;size&quot;:10,&quot;sizes&quot;:[]},&quot;link_to&quot;:&quot;file&quot;,&quot;overlay_background&quot;:&quot;yes&quot;,&quot;content_hover_animation&quot;:&quot;fade-in&quot;}\" data-widget_type=\"gallery.default\">\n\t\t\t\t<div class=\"elementor-widget-container\">\n\t\t\t\t\t\t\t<div class=\"elementor-gallery__container\">\n\t\t\t\t\t\t\t<a class=\"e-gallery-item elementor-gallery-item elementor-animated-content\" href=\"https:\/\/www.gruenes-band.eu\/wp-content\/uploads\/2024\/07\/Svetce_Machander-scaled.jpg\" data-elementor-open-lightbox=\"yes\" data-elementor-lightbox-slideshow=\"408c1d9\" data-e-action-hash=\"#elementor-action%3Aaction%3Dlightbox%26settings%3DeyJpZCI6MTMzOSwidXJsIjoiaHR0cHM6XC9cL3d3dy5ncnVlbmVzLWJhbmQuZXVcL3dwLWNvbnRlbnRcL3VwbG9hZHNcLzIwMjRcLzA3XC9TdmV0Y2VfTWFjaGFuZGVyLXNjYWxlZC5qcGciLCJzbGlkZXNob3ciOiI0MDhjMWQ5In0%3D\">\n\t\t\t\t\t<div class=\"e-gallery-image elementor-gallery-item__image\" data-thumbnail=\"https:\/\/www.gruenes-band.eu\/wp-content\/uploads\/2024\/07\/Svetce_Machander-768x1024.jpg\" data-width=\"768\" data-height=\"1024\" aria-label=\"\" role=\"img\" ><\/div>\n\t\t\t\t\t\t\t\t\t\t\t<div class=\"elementor-gallery-item__overlay\"><\/div>\n\t\t\t\t\t\t\t\t\t\t\t\t\t\t<\/a>\n\t\t\t\t\t\t\t<a class=\"e-gallery-item elementor-gallery-item elementor-animated-content\" href=\"https:\/\/www.gruenes-band.eu\/wp-content\/uploads\/2024\/07\/Nove-Sedliste_Machander-scaled.jpg\" data-elementor-open-lightbox=\"yes\" data-elementor-lightbox-slideshow=\"408c1d9\" data-e-action-hash=\"#elementor-action%3Aaction%3Dlightbox%26settings%3DeyJpZCI6MTMzOCwidXJsIjoiaHR0cHM6XC9cL3d3dy5ncnVlbmVzLWJhbmQuZXVcL3dwLWNvbnRlbnRcL3VwbG9hZHNcLzIwMjRcLzA3XC9Ob3ZlLVNlZGxpc3RlX01hY2hhbmRlci1zY2FsZWQuanBnIiwic2xpZGVzaG93IjoiNDA4YzFkOSJ9\">\n\t\t\t\t\t<div class=\"e-gallery-image elementor-gallery-item__image\" data-thumbnail=\"https:\/\/www.gruenes-band.eu\/wp-content\/uploads\/2024\/07\/Nove-Sedliste_Machander-768x1024.jpg\" data-width=\"768\" data-height=\"1024\" aria-label=\"\" role=\"img\" ><\/div>\n\t\t\t\t\t\t\t\t\t\t\t<div class=\"elementor-gallery-item__overlay\"><\/div>\n\t\t\t\t\t\t\t\t\t\t\t\t\t\t<\/a>\n\t\t\t\t\t\t\t<a class=\"e-gallery-item elementor-gallery-item elementor-animated-content\" href=\"https:\/\/www.gruenes-band.eu\/wp-content\/uploads\/2024\/07\/Bela-nad-Radbuzou_Machander-scaled.jpg\" data-elementor-open-lightbox=\"yes\" data-elementor-lightbox-slideshow=\"408c1d9\" data-e-action-hash=\"#elementor-action%3Aaction%3Dlightbox%26settings%3DeyJpZCI6MTMzNywidXJsIjoiaHR0cHM6XC9cL3d3dy5ncnVlbmVzLWJhbmQuZXVcL3dwLWNvbnRlbnRcL3VwbG9hZHNcLzIwMjRcLzA3XC9CZWxhLW5hZC1SYWRidXpvdV9NYWNoYW5kZXItc2NhbGVkLmpwZyIsInNsaWRlc2hvdyI6IjQwOGMxZDkifQ%3D%3D\">\n\t\t\t\t\t<div class=\"e-gallery-image elementor-gallery-item__image\" data-thumbnail=\"https:\/\/www.gruenes-band.eu\/wp-content\/uploads\/2024\/07\/Bela-nad-Radbuzou_Machander-768x576.jpg\" data-width=\"768\" data-height=\"576\" aria-label=\"\" role=\"img\" ><\/div>\n\t\t\t\t\t\t\t\t\t\t\t<div class=\"elementor-gallery-item__overlay\"><\/div>\n\t\t\t\t\t\t\t\t\t\t\t\t\t\t<\/a>\n\t\t\t\t\t<\/div>\n\t\t\t\t\t<\/div>\n\t\t\t\t<\/div>\n\t\t\t\t\t<\/div>\n\t\t\t\t<\/div>\n\t\t\t\t<\/div>","protected":false},"excerpt":{"rendered":"<p>Cesta Olivera Machandera pod\u00e9l Zlat\u00e9 stezky v Zelen\u00e9m p\u00e1su: Pavl\u016fv Studenec (Paulusbrunn) - Tachov - Mar\u0161ovy Chody - Nov\u00e9 Sedli\u0161t\u011b - Labu\u0165- P\u0159imda - T\u0159eme\u0161n\u00e9 - B\u011bl\u00e1 nad Radbuzou<\/p>","protected":false},"author":2,"featured_media":1323,"comment_status":"closed","ping_status":"closed","sticky":false,"template":"","format":"standard","meta":{"footnotes":""},"categories":[55],"tags":[],"class_list":["post-1334","post","type-post","status-publish","format-standard","has-post-thumbnail","hentry","category-grenzblog"],"_links":{"self":[{"href":"https:\/\/www.gruenes-band.eu\/cz\/wp-json\/wp\/v2\/posts\/1334","targetHints":{"allow":["GET"]}}],"collection":[{"href":"https:\/\/www.gruenes-band.eu\/cz\/wp-json\/wp\/v2\/posts"}],"about":[{"href":"https:\/\/www.gruenes-band.eu\/cz\/wp-json\/wp\/v2\/types\/post"}],"author":[{"embeddable":true,"href":"https:\/\/www.gruenes-band.eu\/cz\/wp-json\/wp\/v2\/users\/2"}],"replies":[{"embeddable":true,"href":"https:\/\/www.gruenes-band.eu\/cz\/wp-json\/wp\/v2\/comments?post=1334"}],"version-history":[{"count":5,"href":"https:\/\/www.gruenes-band.eu\/cz\/wp-json\/wp\/v2\/posts\/1334\/revisions"}],"predecessor-version":[{"id":1342,"href":"https:\/\/www.gruenes-band.eu\/cz\/wp-json\/wp\/v2\/posts\/1334\/revisions\/1342"}],"wp:featuredmedia":[{"embeddable":true,"href":"https:\/\/www.gruenes-band.eu\/cz\/wp-json\/wp\/v2\/media\/1323"}],"wp:attachment":[{"href":"https:\/\/www.gruenes-band.eu\/cz\/wp-json\/wp\/v2\/media?parent=1334"}],"wp:term":[{"taxonomy":"category","embeddable":true,"href":"https:\/\/www.gruenes-band.eu\/cz\/wp-json\/wp\/v2\/categories?post=1334"},{"taxonomy":"post_tag","embeddable":true,"href":"https:\/\/www.gruenes-band.eu\/cz\/wp-json\/wp\/v2\/tags?post=1334"}],"curies":[{"name":"wp","href":"https:\/\/api.w.org\/{rel}","templated":true}]}}