{"id":1378,"date":"2024-08-02T10:57:23","date_gmt":"2024-08-02T08:57:23","guid":{"rendered":"https:\/\/www.gruenes-band.eu\/?p=1378"},"modified":"2024-08-14T11:08:47","modified_gmt":"2024-08-14T09:08:47","slug":"von-babylon-nach-nyrsko","status":"publish","type":"post","link":"https:\/\/www.gruenes-band.eu\/cz\/von-babylon-nach-nyrsko\/","title":{"rendered":"Z Babylonu do N\u00fdrska"},"content":{"rendered":"<div data-elementor-type=\"wp-post\" data-elementor-id=\"1378\" class=\"elementor elementor-1378\" data-elementor-post-type=\"post\">\n\t\t\t\t<div class=\"elementor-element elementor-element-27e4658 e-flex e-con-boxed e-con e-parent\" data-id=\"27e4658\" data-element_type=\"container\" data-e-type=\"container\">\n\t\t\t\t\t<div class=\"e-con-inner\">\n\t\t\t\t<div class=\"elementor-element elementor-element-16431a8 elementor-widget elementor-widget-text-editor\" data-id=\"16431a8\" data-element_type=\"widget\" data-e-type=\"widget\" data-widget_type=\"text-editor.default\">\n\t\t\t\t<div class=\"elementor-widget-container\">\n\t\t\t\t\t\t\t\t\t<p><strong>29.07.2024<br \/><\/strong>Odpo\u010dat\u00ed a dob\u0159e nalad\u011bn\u00ed jsme op\u011bt vyrazili na trasu. Na\u0161\u00edm dal\u0161\u00edm c\u00edlem je N\u00fdrsko. P\u0159i posledn\u00edm pohledu na jezero nar\u00e1\u017e\u00edme na pramen. S radost\u00ed si dopl\u0148ujeme z\u00e1soby lahodn\u00e9 vody. Cesta se st\u00e1v\u00e1 \u00fa\u017easnou. Lesn\u00ed a lu\u010dn\u00ed cesty, roztomil\u00e9 vesni\u010dky, kr\u00e1sn\u00e1 p\u0159\u00edroda. Na odpo\u010d\u00edvadle Lipov\u00e1 Hora potk\u00e1v\u00e1me \u010deskou turistickou skupinu. Spole\u010dn\u011b se ob\u010derstvujeme. Kv\u016fli jazykov\u00e9 bari\u00e9\u0159e si nem\u016f\u017eeme po\u0159\u00e1dn\u011b popov\u00eddat. P\u0159esto! Spole\u010dn\u00fd odpo\u010dinek je p\u0159\u00edjemn\u00fd. Bohu\u017eel po odpo\u010dinku se cesty op\u011bt m\u011bn\u00ed na \u0161otolinov\u00e9 a asfaltov\u00e9. Ch\u016fze se op\u011bt st\u00e1v\u00e1 vy\u010derp\u00e1vaj\u00edc\u00ed. Rozhodujeme se proto opustit zna\u010denou trasu a odbo\u010dit na lesn\u00ed cestu. Podle mapy n\u00e1s vede stejn\u00fdm sm\u011brem a je dokonce zkratkou. Bohu\u017eel kon\u010d\u00ed uprost\u0159ed lesa. Kam te\u010f? Vr\u00e1tit se zp\u011bt? Ne! Prod\u00edr\u00e1me se podrostem, zahl\u00e9dneme telefonn\u00ed linku, jdeme k n\u00ed a kone\u010dn\u011b nach\u00e1z\u00edme cestu zp\u011bt. Zkratka n\u00e1s st\u00e1la hodn\u011b sil. Je tak\u00e9 tepl\u00fd den. Pot\u0159ebujeme si odpo\u010dinout na stinn\u00e9 louce. Je u\u017e pozdn\u00ed odpoledne. Kde str\u00e1v\u00edme dne\u0161n\u00ed noc? Na map\u011b objevujeme rybn\u00edk p\u0159\u00edmo na zelen\u00e9m p\u00e1su u V\u0161erub. Bingo! Cesta k n\u011bmu n\u00e1s vede nejprve kolem obrovsk\u00e9 zem\u011bd\u011blsk\u00e9 farmy, pak pod\u00e9l hranic. Op\u011bt nar\u00e1\u017e\u00edme na poz\u016fstatky minulosti: z\u0159\u00edceniny, starou v\u011b\u017e, vybledl\u00e9 n\u00e1pisy. Na dohled se objevuje rybn\u00edk. M\u00edsto je to p\u011bkn\u00e9 na pohled, ale ter\u00e9n je bohu\u017eel nerovn\u00fd. Dnes je n\u00e1\u0161 stan \u0161ikmo postaven\u00fd. P\u0159i pr\u016fzkumu objevujeme dv\u011b informa\u010dn\u00ed tabule. Z prvn\u00ed se dozv\u00edd\u00e1me, \u017ee zde kdysi st\u00e1val ml\u00fdn, kter\u00fd v roce 1947 vyho\u0159el. Druh\u00e1 n\u00e1m \u0159\u00edk\u00e1, \u017ee to bylo jedno z m\u00edst operace \u201eK\u00e1men \u2013 fale\u0161n\u00e9 hranice\u201c. Pokud byste se cht\u011bli o t\u00e9to perfidn\u00ed h\u0159e komunistick\u00e9 tajn\u00e9 slu\u017eby \u010cSSR dozv\u011bd\u011bt v\u00edce, m\u016f\u017eete se v\u00edce dozv\u011bd\u011bt zde na str\u00e1nk\u00e1ch CEBB. Doporu\u010duji zejm\u00e9na knihu \u201eFingierte Grenzen \u2013 Aktion K\u00e1men\u201c od V\u00e1clavy Jande\u010dkov\u00e9.<\/p><p>Po klasick\u00e9 nudlov\u00e9 pol\u00e9vce je \u010das j\u00edt \u201esp\u00e1t\u201c.<\/p><p><em>M\u00e9 dne\u0161n\u00ed \u010desk\u00e9 slovo: stud\u00e1nka<\/em><\/p><p><strong>30.07.2024<br \/><\/strong>Noc byla \u0161patn\u00e1. Zem\u011b byla nerovn\u00e1. Vst\u00e1v\u00e1me brzy. Bal\u00edme, bereme na ramena batohy a vyr\u00e1\u017e\u00edme bez sn\u00eddan\u011b. Nem\u00e1me u\u017e skoro \u017e\u00e1dnou vodu a nutn\u011b pot\u0159ebujeme doplnit z\u00e1soby. Hrani\u010dn\u00ed p\u0159echod je bl\u00edzko. Jakmile tam doraz\u00edme, vid\u00edme na obou stran\u00e1ch n\u011bkolik dom\u016f. Na \u010desk\u00e9 stran\u011b nem\u00e1me \u0161t\u011bst\u00ed. Nikoho nevid\u00edme. V Bavorsku je u\u017e v tuto \u010dasnou hodinu \u010dil\u00e1 selka na nohou. Srde\u010dn\u011b n\u00e1s v\u00edt\u00e1 a kl\u00e1bos\u00ed s n\u00e1mi. To nejd\u016fle\u017eit\u011bj\u0161\u00ed! Kr\u00e1\u010d\u00edme za vodou! Na\u0161e z\u00e1soby (8 litr\u016f) jsou pln\u00e9. Pot\u0159ebujeme ji, dnes bude hork\u00fd den. Sn\u00eddan\u011b s ka\u0161\u00ed na hrani\u010dn\u00edm p\u0159echodu, jdeme d\u00e1l. Jdeme po star\u00e9 hl\u00eddkov\u00e9 cest\u011b. Krajina je kr\u00e1sn\u00e1, cesta je op\u011bt betonov\u00e1. Nam\u00e1hav\u00e9! Asi po dev\u00edti kilometrech se vyd\u00e1v\u00e1me na rozcest\u00ed lesn\u00edch cest, p\u0159ekra\u010dujeme potok a pak \u0161patn\u011b odbo\u010dujeme. Nar\u00e1\u017e\u00edme na \u201evesnici\u201c Li\u0161\u010d\u00ed. Neoby\u010dejn\u00e9 m\u00edsto. Na jedn\u00e9 stran\u011b je to zanikl\u00e9 m\u00edsto, zbyl jen statek. Na druh\u00e9 stran\u011b pom\u011brn\u011b velk\u00e9 \u00fazem\u00ed, p\u0159ipraven\u00e9 k z\u00e1stavb\u011b se dv\u011bma autobusov\u00fdmi zast\u00e1vkami, ale ani jedno staveni\u0161t\u011b, nemluv\u011b o novostavb\u011b. V horku se lopot\u00edme po asfaltov\u00e9 cest\u011b, odbo\u010dujeme na poln\u00ed cestu a objevujeme sm\u011brovku \u201eZur B\u00e4ren- Kapelle\u201c. Pokra\u010dujeme do kopce do lesa. Vy\u010derpan\u00ed doraz\u00edme na m\u00edsto odpo\u010dinku, na Fuchsberg s kostel\u00edkem. Po mal\u00e9m ob\u010derstven\u00ed se dozv\u00edd\u00e1me, \u017ee kaple je zasv\u011bcena svat\u00e9mu Bernardovi. Podle m\u00edstn\u00ed legendy byl na tomto m\u00edst\u011b v roce 1719 napaden medv\u011bdem Georg Kohlbeck z Li\u0161\u010d\u00ed. Ten boj p\u0159e\u017eil a na pod\u011bkov\u00e1n\u00ed nechal postavit kapli. Jen n\u011bkolik krok\u016f odtud se nach\u00e1z\u00ed neobvykl\u00fd skaln\u00ed \u00fatvar p\u0159ipom\u00ednaj\u00edc\u00ed chr\u00e1m. V jeho st\u0159edu stoj\u00ed dva menhiry. \u00dadajn\u011b se jedn\u00e1 o m\u00edsto se silnou zemskou energi\u00ed. To je pro n\u00e1s dobr\u00e9. Dnes ji obzvl\u00e1\u0161\u0165 pot\u0159ebujeme. Pot\u00e9, co vyjdeme z lesa po cest\u011b, kter\u00e1 byla p\u0159\u00ed\u0161ern\u011b poni\u010dena lesn\u00ed technikou, n\u00e1s zas\u00e1hne dusn\u00e9 \u010dervencov\u00e9 vedro. Na\u0161e voda je t\u00e9m\u011b\u0159 spot\u0159ebovan\u00e1. Po necel\u00fdch dvou kilometrech dor\u00e1\u017e\u00edme do vesnice Chuden\u00edn. V\u00edt\u00e1 n\u00e1s mal\u00fd, kouzeln\u00fd statek, kter\u00fd si okam\u017eit\u011b zamilujeme. Na zahrad\u011b vid\u00edme rodinu, kter\u00e1 vid\u00ed n\u00e1s. Ritschi m\u00e1v\u00e1 pr\u00e1zdnou lahv\u00ed. P\u0159ib\u00edh\u00e1 mlad\u00e1 \u017eena, bere na\u0161i l\u00e1hev, jde s n\u00ed do domu a vrac\u00ed se s plnou a dv\u011bma zmrzlinami. Tak mil\u00e9! Jak\u00e9 to lahodn\u00e9 osv\u011b\u017een\u00ed. Pod\u011bkujeme j\u00ed a proch\u00e1z\u00edme vesnic\u00ed s mnoha zch\u00e1tral\u00fdmi staven\u00edmi.<\/p><p>Do na\u0161eho c\u00edle, Kempu v N\u00fdrsku, je to je\u0161t\u011b p\u0159es 4 kilometry. A to po asfaltu v \u00famorn\u00e9m vedru! Jdeme po mal\u00e9 silni\u010dce. Po necel\u00e9 t\u0159etin\u011b jsme \u00fapln\u011b vy\u010derpan\u00ed. Je horko! P\u0159es 30 stup\u0148\u016f! P\u0159ij\u00ed\u017ed\u00ed auto, prvn\u00ed. Dr\u017e\u00edme palce. Zastavuje! N\u00e1\u0161 \u0161of\u00e9r n\u00e1s veze p\u0159\u00edmo do Kempu, c\u00edle na\u0161eho dne\u0161n\u00edho snu. Tis\u00edckr\u00e1t d\u011bkujeme na\u0161emu zachr\u00e1nci a ubytov\u00e1v\u00e1me se v mal\u00e9m rodinn\u00e9m kempu. Pan\u00ed na recepci mluv\u00ed velmi dob\u0159e n\u011bmecky. V\u0161ak je tu tak\u00e9 v\u0161echno velmi n\u011bmeck\u00e9. Jsme trochu zmaten\u00ed. Podle na\u0161ich p\u0159edchoz\u00edch zku\u0161enost\u00ed je v \u010cesku v\u0161echno trochu uvoln\u011bn\u011bj\u0161\u00ed. Nevad\u00ed, hlavn\u00ed je, \u017ee jsme to zvl\u00e1dli. Procedura je stejn\u00e1 jako v\u017edy.<\/p><p><em>M\u00e9 dne\u0161n\u00ed \u010desk\u00e9 slovo: ovoce<\/em><\/p><p><strong>31.07.2024<br \/><\/strong>V\u010derej\u0161ek zanechal sv\u00e9 stopy. Slun\u00ed\u010dko n\u00e1m po\u0159\u00e1dn\u011b zatopilo, hlavn\u011b mn\u011b. V noci m\u011b bolela hlava, ale r\u00e1no u\u017e je to lep\u0161\u00ed. Ubytovali jsme se na t\u0159i dny. Dnes si chceme odpo\u010dinout kr\u00e1tkou prohl\u00eddkou s lehk\u00fdmi zavazadly. Za\u010d\u00edn\u00e1me pohodov\u00fdm v\u00fdstupem na horu Hrani\u010d\u00e1\u0159 (832 m). N\u00e1dhern\u00e9 stezky n\u00e1s vedou p\u0159ekr\u00e1snou p\u0159\u00edrodou. St\u0159\u00eddaj\u00ed se \u00faseky lesa a luk. Je dal\u0161\u00ed hork\u00fd den. Opat\u0159ili jsme se dostatkem vody a de\u0161tn\u00edkem \u2013 respektive dnes slune\u010dn\u00edkem. Kdy\u017e dos\u00e1hneme vrcholu, jsme odm\u011bn\u011bni v\u00fdhledem na horu Ostr\u00fd. Op\u011bt nach\u00e1z\u00edme poz\u016fstatky minulosti. Kolem stoj\u00ed velk\u00e9 betonov\u00e9 bloky, jejich\u017e \u00fa\u010del a vyu\u017eit\u00ed je n\u00e1m zcela nevysv\u011btliteln\u00e9. Jsou tu tak\u00e9 star\u00e9 cedule, kter\u00e9 u\u017e roze\u017erala rez. Po sva\u010din\u011b malebn\u00e1 cesta pokra\u010duje. Dojdeme k m\u00edstu s n\u00e1dhern\u00fdm v\u00fdhledem na N\u00fdrskou p\u0159ehradu a brzy pot\u00e9 ke zbytk\u016fm hradu Pajrek (Bayereck), pohrani\u010dn\u00edho hradu ze 14. stolet\u00ed, kter\u00fd byl v roce 1472 vyp\u00e1len. Nov\u00fd p\u00e1n, rovn\u011b\u017e loupe\u017en\u00fd ryt\u00ed\u0159, jej nechal p\u0159estav\u011bt, ale po jeho poprav\u011b v roce 1520 postupn\u011b zch\u00e1tral. Z\u0159\u00edcenina musela b\u00fdt kdysi impozantn\u00ed pevnost\u00ed. Do m\u011bsta se vrac\u00edme voln\u00fdm tempem pod\u00e9l toku \u0159eky a putujeme kolem p\u0159\u00edrodn\u00edho divadla N\u00fdrsko. Op\u011bt jsme, hlavn\u011b j\u00e1, osv\u011b\u017eeni. To byl ale pohodov\u00fd den.<\/p><p><em>M\u00e9 dne\u0161n\u00ed \u010desk\u00e9 slovo: zelenina<\/em><\/p><p><strong>01.08.2024<br \/><\/strong>U\u017e nerozum\u00edm sv\u011btu, nebo sp\u00ed\u0161 sv\u00e9mu t\u011blu! V\u010dera jsme m\u011bli takov\u00fd \u00fatuln\u00fd den, ale moje nohy mi za to nepod\u011bkovaly. Uprost\u0159ed noci jsem se probudil bolest\u00ed. Jsem zvykl\u00fd na z\u00e1\u0161kuby a bolesti, ale tohle bylo n\u011bco jin\u00e9ho. Jedin\u00e9, co mi opravdu pomohlo, byla ch\u016fze. B\u011bhem noci jsem ud\u011blal n\u011bkolik kole\u010dek kolem kempu. Dnes toho na programu moc nen\u00ed. Nejd\u0159\u00edv m\u00ed\u0159\u00edme do turistick\u00e9 kancel\u00e1\u0159e. Tam n\u00e1m \u0161pi\u010dkov\u011b porad\u00ed nadm\u00edru p\u0159\u00e1telsk\u00fd p\u00e1n, kter\u00fd mluv\u00ed dob\u0159e anglicky. N\u00e1rodn\u00ed park \u0160umuva nen\u00ed daleko. Pravidla jsou tam zcela opr\u00e1vn\u011bn\u011b p\u0159\u00edsn\u00e1. P\u0159esp\u00e1vat se sm\u00ed pouze na ur\u010den\u00fdch m\u00edstech pro bivakov\u00e1n\u00ed. M\u00e1me n\u011bkolik mo\u017enost\u00ed, jak na\u0161e trasa pokra\u010duje. Jedno je jist\u00e9. Z\u00edtra se vyd\u00e1me do \u017delezn\u00e9 Rudy. Tentokr\u00e1t ne p\u011b\u0161ky, ale autobusem. Dnes si budeme kr\u00e1tit \u010das v kempu. Ps\u00e1t, pl\u00e1novat, odpo\u010d\u00edvat. Historie N\u00fdrska (Neuern) je velmi zaj\u00edmav\u00e1. Pokud se chcete dozv\u011bd\u011bt v\u00edce, doporu\u010duji heslo na Wikipedii. N\u00e1padn\u00e9 jsou dlouh\u00e9 budovy pod\u00e9l \u0159eky spole\u010dnosti OKULA. Tato spole\u010dnost vyr\u00e1b\u00ed plastov\u00e9 d\u00edly a vyr\u00e1b\u00ed br\u00fdle.<\/p><p><em>M\u00e9 dne\u0161n\u00ed \u010desk\u00e9 slovo: hora<\/em><\/p>\t\t\t\t\t\t\t\t<\/div>\n\t\t\t\t<\/div>\n\t\t\t\t<div class=\"elementor-element elementor-element-dfda27d showmoreimages elementor-widget elementor-widget-gallery\" data-id=\"dfda27d\" data-element_type=\"widget\" data-e-type=\"widget\" data-settings=\"{&quot;columns&quot;:3,&quot;aspect_ratio&quot;:&quot;4:3&quot;,&quot;columns_tablet&quot;:3,&quot;lazyload&quot;:&quot;yes&quot;,&quot;gallery_layout&quot;:&quot;grid&quot;,&quot;columns_mobile&quot;:1,&quot;gap&quot;:{&quot;unit&quot;:&quot;px&quot;,&quot;size&quot;:10,&quot;sizes&quot;:[]},&quot;gap_tablet&quot;:{&quot;unit&quot;:&quot;px&quot;,&quot;size&quot;:10,&quot;sizes&quot;:[]},&quot;gap_mobile&quot;:{&quot;unit&quot;:&quot;px&quot;,&quot;size&quot;:10,&quot;sizes&quot;:[]},&quot;link_to&quot;:&quot;file&quot;,&quot;overlay_background&quot;:&quot;yes&quot;,&quot;content_hover_animation&quot;:&quot;fade-in&quot;}\" data-widget_type=\"gallery.default\">\n\t\t\t\t<div class=\"elementor-widget-container\">\n\t\t\t\t\t\t\t<div class=\"elementor-gallery__container\">\n\t\t\t\t\t\t\t<a class=\"e-gallery-item elementor-gallery-item elementor-animated-content\" href=\"https:\/\/www.gruenes-band.eu\/wp-content\/uploads\/2024\/08\/Relikt-im-Gruenen-Band_Machander.jpg\" data-elementor-open-lightbox=\"yes\" data-elementor-lightbox-slideshow=\"dfda27d\" data-e-action-hash=\"#elementor-action%3Aaction%3Dlightbox%26settings%3DeyJpZCI6MTM4MiwidXJsIjoiaHR0cHM6XC9cL3d3dy5ncnVlbmVzLWJhbmQuZXVcL3dwLWNvbnRlbnRcL3VwbG9hZHNcLzIwMjRcLzA4XC9SZWxpa3QtaW0tR3J1ZW5lbi1CYW5kX01hY2hhbmRlci5qcGciLCJzbGlkZXNob3ciOiJkZmRhMjdkIn0%3D\">\n\t\t\t\t\t<div class=\"e-gallery-image elementor-gallery-item__image\" data-thumbnail=\"https:\/\/www.gruenes-band.eu\/wp-content\/uploads\/2024\/08\/Relikt-im-Gruenen-Band_Machander-768x1024.jpg\" data-width=\"768\" data-height=\"1024\" aria-label=\"\" role=\"img\" ><\/div>\n\t\t\t\t\t\t\t\t\t\t\t<div class=\"elementor-gallery-item__overlay\"><\/div>\n\t\t\t\t\t\t\t\t\t\t\t\t\t\t<\/a>\n\t\t\t\t\t\t\t<a class=\"e-gallery-item elementor-gallery-item elementor-animated-content\" href=\"https:\/\/www.gruenes-band.eu\/wp-content\/uploads\/2024\/08\/Baerenkapelle_Machander.jpg\" data-elementor-open-lightbox=\"yes\" data-elementor-lightbox-slideshow=\"dfda27d\" data-e-action-hash=\"#elementor-action%3Aaction%3Dlightbox%26settings%3DeyJpZCI6MTM3OSwidXJsIjoiaHR0cHM6XC9cL3d3dy5ncnVlbmVzLWJhbmQuZXVcL3dwLWNvbnRlbnRcL3VwbG9hZHNcLzIwMjRcLzA4XC9CYWVyZW5rYXBlbGxlX01hY2hhbmRlci5qcGciLCJzbGlkZXNob3ciOiJkZmRhMjdkIn0%3D\">\n\t\t\t\t\t<div class=\"e-gallery-image elementor-gallery-item__image\" data-thumbnail=\"https:\/\/www.gruenes-band.eu\/wp-content\/uploads\/2024\/08\/Baerenkapelle_Machander-768x576.jpg\" data-width=\"768\" data-height=\"576\" aria-label=\"\" role=\"img\" ><\/div>\n\t\t\t\t\t\t\t\t\t\t\t<div class=\"elementor-gallery-item__overlay\"><\/div>\n\t\t\t\t\t\t\t\t\t\t\t\t\t\t<\/a>\n\t\t\t\t\t\t\t<a class=\"e-gallery-item elementor-gallery-item elementor-animated-content\" href=\"https:\/\/www.gruenes-band.eu\/wp-content\/uploads\/2024\/08\/Hranicar_Machander.jpg\" data-elementor-open-lightbox=\"yes\" data-elementor-lightbox-slideshow=\"dfda27d\" data-e-action-hash=\"#elementor-action%3Aaction%3Dlightbox%26settings%3DeyJpZCI6MTM4MSwidXJsIjoiaHR0cHM6XC9cL3d3dy5ncnVlbmVzLWJhbmQuZXVcL3dwLWNvbnRlbnRcL3VwbG9hZHNcLzIwMjRcLzA4XC9IcmFuaWNhcl9NYWNoYW5kZXIuanBnIiwic2xpZGVzaG93IjoiZGZkYTI3ZCJ9\">\n\t\t\t\t\t<div class=\"e-gallery-image elementor-gallery-item__image\" data-thumbnail=\"https:\/\/www.gruenes-band.eu\/wp-content\/uploads\/2024\/08\/Hranicar_Machander-768x1024.jpg\" data-width=\"768\" data-height=\"1024\" aria-label=\"\" role=\"img\" ><\/div>\n\t\t\t\t\t\t\t\t\t\t\t<div class=\"elementor-gallery-item__overlay\"><\/div>\n\t\t\t\t\t\t\t\t\t\t\t\t\t\t<\/a>\n\t\t\t\t\t\t\t<a class=\"e-gallery-item elementor-gallery-item elementor-animated-content\" href=\"https:\/\/www.gruenes-band.eu\/wp-content\/uploads\/2024\/08\/Stausee-Nyrsko_Machander.jpg\" data-elementor-open-lightbox=\"yes\" data-elementor-lightbox-slideshow=\"dfda27d\" data-e-action-hash=\"#elementor-action%3Aaction%3Dlightbox%26settings%3DeyJpZCI6MTM4MywidXJsIjoiaHR0cHM6XC9cL3d3dy5ncnVlbmVzLWJhbmQuZXVcL3dwLWNvbnRlbnRcL3VwbG9hZHNcLzIwMjRcLzA4XC9TdGF1c2VlLU55cnNrb19NYWNoYW5kZXIuanBnIiwic2xpZGVzaG93IjoiZGZkYTI3ZCJ9\">\n\t\t\t\t\t<div class=\"e-gallery-image elementor-gallery-item__image\" data-thumbnail=\"https:\/\/www.gruenes-band.eu\/wp-content\/uploads\/2024\/08\/Stausee-Nyrsko_Machander-768x375.jpg\" data-width=\"768\" data-height=\"375\" aria-label=\"\" role=\"img\" ><\/div>\n\t\t\t\t\t\t\t\t\t\t\t<div class=\"elementor-gallery-item__overlay\"><\/div>\n\t\t\t\t\t\t\t\t\t\t\t\t\t\t<\/a>\n\t\t\t\t\t<\/div>\n\t\t\t\t\t<\/div>\n\t\t\t\t<\/div>\n\t\t\t\t\t<\/div>\n\t\t\t\t<\/div>\n\t\t\t\t<\/div>","protected":false},"excerpt":{"rendered":"<p>Cesta Olivera Machandera pod\u00e9l Zlat\u00e9 stezky v Zelen\u00e9m p\u00e1su: Babylon - V\u0161eruby - Li\u0161\u010d\u00ed (Medv\u011bd\u00ed kaple) - N\u00fdrsko<\/p>","protected":false},"author":2,"featured_media":1380,"comment_status":"closed","ping_status":"closed","sticky":false,"template":"","format":"standard","meta":{"footnotes":""},"categories":[55],"tags":[],"class_list":["post-1378","post","type-post","status-publish","format-standard","has-post-thumbnail","hentry","category-grenzblog"],"_links":{"self":[{"href":"https:\/\/www.gruenes-band.eu\/cz\/wp-json\/wp\/v2\/posts\/1378","targetHints":{"allow":["GET"]}}],"collection":[{"href":"https:\/\/www.gruenes-band.eu\/cz\/wp-json\/wp\/v2\/posts"}],"about":[{"href":"https:\/\/www.gruenes-band.eu\/cz\/wp-json\/wp\/v2\/types\/post"}],"author":[{"embeddable":true,"href":"https:\/\/www.gruenes-band.eu\/cz\/wp-json\/wp\/v2\/users\/2"}],"replies":[{"embeddable":true,"href":"https:\/\/www.gruenes-band.eu\/cz\/wp-json\/wp\/v2\/comments?post=1378"}],"version-history":[{"count":4,"href":"https:\/\/www.gruenes-band.eu\/cz\/wp-json\/wp\/v2\/posts\/1378\/revisions"}],"predecessor-version":[{"id":1387,"href":"https:\/\/www.gruenes-band.eu\/cz\/wp-json\/wp\/v2\/posts\/1378\/revisions\/1387"}],"wp:featuredmedia":[{"embeddable":true,"href":"https:\/\/www.gruenes-band.eu\/cz\/wp-json\/wp\/v2\/media\/1380"}],"wp:attachment":[{"href":"https:\/\/www.gruenes-band.eu\/cz\/wp-json\/wp\/v2\/media?parent=1378"}],"wp:term":[{"taxonomy":"category","embeddable":true,"href":"https:\/\/www.gruenes-band.eu\/cz\/wp-json\/wp\/v2\/categories?post=1378"},{"taxonomy":"post_tag","embeddable":true,"href":"https:\/\/www.gruenes-band.eu\/cz\/wp-json\/wp\/v2\/tags?post=1378"}],"curies":[{"name":"wp","href":"https:\/\/api.w.org\/{rel}","templated":true}]}}