{"id":1389,"date":"2024-08-07T09:49:16","date_gmt":"2024-08-07T07:49:16","guid":{"rendered":"https:\/\/www.gruenes-band.eu\/?p=1389"},"modified":"2024-08-16T09:51:43","modified_gmt":"2024-08-16T07:51:43","slug":"von-nyrsko-nach-prasily","status":"publish","type":"post","link":"https:\/\/www.gruenes-band.eu\/cz\/von-nyrsko-nach-prasily\/","title":{"rendered":"Z N\u00fdrska do Pr\u00e1\u0161il"},"content":{"rendered":"<div data-elementor-type=\"wp-post\" data-elementor-id=\"1389\" class=\"elementor elementor-1389\" data-elementor-post-type=\"post\">\n\t\t\t\t<div class=\"elementor-element elementor-element-b579b93 e-flex e-con-boxed e-con e-parent\" data-id=\"b579b93\" data-element_type=\"container\" data-e-type=\"container\">\n\t\t\t\t\t<div class=\"e-con-inner\">\n\t\t\t\t<div class=\"elementor-element elementor-element-fc53dd5 elementor-widget elementor-widget-text-editor\" data-id=\"fc53dd5\" data-element_type=\"widget\" data-e-type=\"widget\" data-widget_type=\"text-editor.default\">\n\t\t\t\t<div class=\"elementor-widget-container\">\n\t\t\t\t\t\t\t\t\t<p><strong>02.08.2024<br \/><\/strong>Odhla\u0161ujeme se z ubytov\u00e1n\u00ed. Jdeme do m\u011bsta a dop\u0159\u00e1v\u00e1me si v\u00fdbornou sn\u00eddani. Autobus odj\u00ed\u017ed\u00ed na \u010das ve 12.15 hod. N\u00e1\u0161 \u0159idi\u010d jede klidnou j\u00edzdou kolem p\u0159ehrady, pak se pl\u00ed\u017e\u00edme do ostr\u00fdch zat\u00e1\u010dek. Skv\u011bl\u00e9! Takto se m\u016f\u017eeme kochat okoln\u00ed krajinou. Kone\u010dn\u011b p\u0159ij\u00ed\u017ed\u00edme do centra \u017delezn\u00e9 Rudy (Markt Eisenstein). V\u0161e je pod\u0159\u00edzeno turistice. Hodn\u011b se tu stav\u00ed. V\u0161ude jsou hotely, restaurace, obchody atd. Po silnici mus\u00edme pokra\u010dovat necel\u00fd kilometr k na\u0161emu Kempu. Kdy\u017e doraz\u00edme, ubytujeme se v nov\u00e9m a modern\u00edm \u201eBase Campu\u201c, hned vedle ly\u017ea\u0159sk\u00e9ho vleku. Kupodivu t\u00e1bo\u0159\u00edme op\u011bt na sjezdovce. Mlad\u00fd t\u00fdm je opravdu p\u0159\u00e1telsk\u00fd a mluv\u00ed velmi dob\u0159e anglicky. N\u00e1\u0161 stan je postaven\u00fd, je brzk\u00e9 odpoledne. Rozhodujeme se vyrazit do Bavorsk\u00e9 \u017delezn\u00e9 Rudy. Na\u0161e trasa n\u00e1s vede p\u0159es \u017deleznou Rudu. Obdivujeme pozdn\u011b barokn\u00ed kostel s nejv\u011bt\u0161\u00ed cibulovou kopul\u00ed na sv\u011bt\u011b. Po \u0158ezensk\u00e9 cyklostezce se dost\u00e1v\u00e1me k pohrani\u010dn\u00edmu n\u00e1dra\u017e\u00ed. I to je unik\u00e1tn\u00ed. \u010cesko-n\u011bmeck\u00e1 hranice proch\u00e1z\u00ed p\u0159\u00edmo skrz n\u011bj. Historickou budovu obohacuj\u00ed muzea, v\u00fdstavy a galerie. Nav\u0161t\u00edv\u00edme bezplatnou v\u00fdstavu na t\u00e9ma \u201e \u017delezn\u00e1 opona\u201c. Velmi depresivn\u00ed a pou\u010dn\u00e9. Hluboce se n\u00e1s dot\u00fdk\u00e1 osud lid\u00ed ze zanikl\u00e9 obce Stadlern, kter\u00fd je dokumentov\u00e1n rozhovory s dobov\u00fdmi pam\u011btn\u00edky. Vysv\u011btlena je i doba konce osudov\u00e9ho rozd\u011blen\u00ed Evropy, radost z n\u011bj a nov\u00fd za\u010d\u00e1tek. Zvl\u00e1\u0161t\u011b zde v Bavorsk\u00e9 \u017delezn\u00e9 Rud\u011b. Zelen\u00fd p\u00e1s n\u00e1s op\u011bt p\u0159ekvapil svou histori\u00ed. A nen\u00ed toho m\u00e1lo. P\u0159i n\u00e1v\u0161t\u011bv\u011b kostela v Bavorsk\u00e9 \u017delezn\u00e9 Rud\u011b naraz\u00edme na dal\u0161\u00ed v\u00fdstavu v kostele. Jedn\u00e1 se o dokumentaci \u201eAkce K\u201c, kter\u00e1 pojedn\u00e1v\u00e1 o utrpen\u00ed katolick\u00e9 c\u00edrkve za komunistick\u00e9ho re\u017eimu \u010cSSR. INFO o tom:\u00a0<a class=\"external\" href=\"https:\/\/svata-hora.cz\/\" rel=\"nofollow\">www.svata-hora.cz<\/a><\/p><p>Z Bavorska odj\u00ed\u017ed\u00edme dojati. Po n\u00e1vratu do \u017delezn\u00e9 Rudy se zastav\u00edme v restauraci \u201eB\u00f6hmerwald\u201c a pochutn\u00e1me si na v\u00fdborn\u00e9m j\u00eddle. Po tr\u00e1vic\u00ed proch\u00e1zce se vyd\u00e1v\u00e1me ke stanu. Dobrou noc.<\/p><p><em>M\u00e9 dne\u0161n\u00ed \u010desk\u00e9 slovo: \u0159eka<\/em><\/p><p><strong>03.08.2024<br \/><\/strong>Nedaleko \u017delezn\u00e9 Rudy se nach\u00e1zej\u00ed dv\u011b \u201eslavn\u00e1\u201c jezera. \u010certovo jezero a \u010cern\u00e9 jezero. Pro m\u011b jsou to brat\u0159i velk\u00e9ho a mal\u00e9ho jezera Javor, proto\u017ee Javor se majest\u00e1tn\u011b ty\u010d\u00ed nad Bavorskem a \u010cechami. Jsme plni o\u010dek\u00e1v\u00e1n\u00ed. Kdy\u017e nech\u00e1v\u00e1me m\u011bsto za sebou a odbo\u010dujeme do lesa, jsme \u0161\u0165astn\u00ed. \u017d\u00e1dn\u00fd shon, jen klid a p\u0159\u00edroda. N\u00e1dhera! Bohu\u017eel na\u0161e radost netrv\u00e1 dlouho, proto\u017ee cesta se brzy m\u011bn\u00ed v \u0161irokou asfaltovou silnici. Uprost\u0159ed lesa! Hr\u016fza! S takovou nepochopitelnou lidskou aktivitou si u\u017e les kolem sebe nem\u016f\u017eeme po\u0159\u00e1dn\u011b u\u017e\u00edt. Po necel\u00fdch t\u0159ech kilometrech ta hr\u016fza kon\u010d\u00ed na velik\u00e9m m\u00edst\u011b pro ot\u00e1\u010den\u00ed vozidel. Zna\u010dky ukazuj\u00ed na p\u0159\u00edrodn\u00ed rezervaci. Bla\u017een\u011b kr\u00e1\u010d\u00edme po p\u011b\u0161in\u011b. Les se st\u00e1v\u00e1 \u201epralesem\u201c. P\u0159\u00edroda je ponech\u00e1na sama sob\u011b. To znamen\u00e1 spoustu mrtv\u00e9ho d\u0159eva, stopy po v\u00edt\u011bzn\u00e9m postupu k\u016frovce. P\u0159esto v\u0161ude kl\u00ed\u010d\u00ed nov\u00fd, sv\u011b\u017e\u00ed \u017eivot, velkolep\u00e1 metamorf\u00f3za.\nMatka p\u0159\u00edroda m\u00e1 \u010das. Budouc\u00ed generace z toho budou m\u00edt prosp\u011bch. P\u0159ij\u00ed\u017ed\u00edme k na\u0161emu prvn\u00edmu c\u00edli, \u010certovu jezeru. Kr\u00e1sn\u011b polo\u017een\u00e9, zasazen\u00e9 do malebn\u00e9 krajiny. Jsme r\u00e1di, \u017ee jsme tady. Nejen my. Samoz\u0159ejm\u011b, \u017ee \u201ev\u0161ichni\u201c cht\u011bj\u00ed obdivovat toto turisticky atraktivn\u00ed m\u00edsto. Div\u00edme se: \u201eKde se tu najednou vzalo tolik lid\u00ed?\u201c. Na na\u0161\u00ed trase jsme t\u00e9m\u011b\u0159 nikoho nepotkali. Tajemstv\u00ed je okam\u017eit\u011b odhaleno. Existuje je\u0161t\u011b jedna trasa, skute\u010dn\u00e1 mraven\u010d\u00ed stezka. P\u0159id\u00e1v\u00e1me se do fronty a chceme vid\u011bt druh\u00e9 jezero. O hodinu pozd\u011bji jsme tam, u \u010cern\u00e9ho jezera. Lid\u00ed je je\u0161t\u011b v\u00edc a ka\u017ed\u00fd se chce vyfotit. My samoz\u0159ejm\u011b tak\u00e9. \u010cern\u00e9 jezero je v\u011bt\u0161\u00ed a tak\u00e9 l\u00e1k\u00e1 k n\u00e1v\u0161t\u011bv\u011b. Po sva\u010din\u011b pokra\u010dujeme v dne\u0161n\u00ed okru\u017en\u00ed trase a jsme podruh\u00e9 \u0161okov\u00e1ni. I tato cesta se uk\u00e1\u017ee b\u00fdt asfaltovou silnic\u00ed. Nejezd\u00ed tu \u017e\u00e1dn\u00e1 auta, zato je tu spousta cyklist\u016f, kolob\u011b\u017eek a chodc\u016f jako my. P\u0159em\u00fd\u0161l\u00edme, jestli si lid\u00e9 mysl\u00ed, \u017ee je skv\u011bl\u00e9 proch\u00e1zet se p\u0159\u00edrodou po asfaltov\u00fdch cest\u00e1ch. Pak se p\u0159ed n\u00e1mi objev\u00ed turistick\u00fd vl\u00e1\u010dek. Tak\u017ee nemus\u00edme v\u016fbec chodit p\u011b\u0161ky, m\u016f\u017eeme si to v klidu u\u017e\u00edt. Asi po \u0161esti kilometrech je to zase v\u0161echno jinak. Opou\u0161t\u00edme ruch turistick\u00e9 stezky a vym\u011b\u0148ujeme ji za \u00fatulnou lesn\u00ed p\u011b\u0161inu, kter\u00e1 n\u00e1s vede p\u0159\u00edmo zp\u011bt k na\u0161emu Kempu. Jak\u00e1 to \u00faleva, jak\u00e1 to radost.<\/p><p>Po m\u011bs\u00edci na \u201e Zelen\u00e9m p\u00e1su\u201c jsme si tak zvykli na hodiny klidu a samoty, \u017ee dne\u0161n\u00ed den byl pro n\u00e1s neobvykl\u00fd. Nem\u011bli bychom se divit, dnes je p\u0159ece sobota! Cel\u00fd den jsme si to neuv\u011bdomovali. Na\u0161e hodiny te\u010f tikaj\u00ed jinak.<\/p><p><em>M\u00e9 \u010desk\u00e9 slovo pro dne\u0161n\u00ed den: vzduch<\/em><\/p><p><strong>04.08.2024<br \/><\/strong>Dnes je ned\u011ble. I pro n\u00e1s. A tak si dop\u0159ejeme po\u0159\u00e1dnou sn\u00eddani v kempov\u00e9m bistru. Lahodn\u00e9! Posiln\u011bni se vyd\u00e1v\u00e1me na nen\u00e1ro\u010dnou proch\u00e1zku. V\u011bt\u0161inu \u010dasu jsme na to sami. Relaxujeme na lesn\u00edch cest\u00e1ch, obklopeni kr\u00e1snou p\u0159\u00edrodou. Op\u011bt za\u017e\u00edv\u00e1me p\u0159ekvapen\u00ed. V polovin\u011b trasy naraz\u00edme na dav lid\u00ed, kte\u0159\u00ed se vyd\u00e1vaj\u00ed na pou\u0165 k nezn\u00e1m\u00e9mu c\u00edli. N\u00e1sledujeme je a chceme v\u011bd\u011bt, co to je. Pramen! Ne jen tak oby\u010dejn\u00fd se sladkou vodou. Mil\u00ed lid\u00e9 k n\u011bmu p\u0159idali pivo (nealkoholick\u00e9) a limon\u00e1du. Ve vydlaban\u00fdch kmenech stoj\u00ed lahve chlazen\u00e9 pramenitou vodou. Ka\u017ed\u00fd se m\u016f\u017ee obslou\u017eit s\u00e1m, otv\u00edr\u00e1k je k dispozici. Stejn\u011b jako v\u0161ichni ostatn\u00ed si n\u00e1poj vychutn\u00e1v\u00e1me. Jak\u00fd to promy\u0161len\u00fd a skv\u011bl\u00fd n\u00e1pad! Na etiket\u011b nach\u00e1z\u00edm n\u00e1sleduj\u00edc\u00ed webov\u00e9 str\u00e1nky:\u00a0<a class=\"external\" href=\"https:\/\/www.pivovar-strakonice.cz\/\" rel=\"nofollow\">www.pivovar-strakonice.cz<\/a><\/p><p>Po tomto n\u00e1poji se vyd\u00e1v\u00e1me zp\u011bt po lesn\u00ed cest\u011b. Ta n\u00e1s zavede na naprosto \u00fa\u017easn\u00e9 m\u00edsto. \u0160irok\u00e9, divok\u00e9 louky, alej s majest\u00e1tn\u00edmi, \u00factyhodn\u00fdmi stromy, star\u00fd sad a fantastick\u00fd v\u00fdhled do krajiny. Slovy se to ned\u00e1 popsat. Sed\u00edme na lavi\u010dce a vychutn\u00e1v\u00e1me si toto kouzeln\u00e9, a\u017e mystick\u00e9 m\u00edsto. Ve\u010der se v Kempu setk\u00e1v\u00e1me s jedn\u00edm p\u00e1rem. Ona poch\u00e1z\u00ed z Kanady a m\u00e1 p\u00e1kist\u00e1nsk\u00e9 ko\u0159eny, on je Francouz. Oba pracuj\u00ed pro jednu jord\u00e1nskou nevl\u00e1dn\u00ed organizaci. Sed\u00edme spolu u ohn\u011b a pop\u00edj\u00edme pivo, dokud neza\u010dne pr\u0161et.<\/p><p><em>M\u00e9 dne\u0161n\u00ed \u010desk\u00e9 slovo: zaplatit\u00a0<\/em><em>zaplatit\u00a0<\/em><em>\u2013\u00a0<\/em><em>bezahlen\u00a0<\/em><\/p><p><strong>05.08.2024<br \/><\/strong>Po de\u0161tiv\u00e9 noci vyu\u017e\u00edv\u00e1me p\u0159est\u00e1vku v p\u0159eh\u00e1\u0148k\u00e1ch k demont\u00e1\u017ei stanu a sbalen\u00ed v\u011bc\u00ed. Nebesa op\u011bt otev\u00edraj\u00ed sv\u00e1 stavidla. Nevad\u00ed. Po posledn\u00ed k\u00e1v\u011b v bistru vyr\u00e1\u017e\u00edme zahaleni do ochrann\u00fdch pl\u00e1\u0161t\u011bnek. Prvn\u00ed \u00fasek dne\u0161n\u00ed trasy u\u017e zn\u00e1me z p\u0159edchoz\u00edho dne. Na parkovi\u0161ti si d\u00e1v\u00e1me prvn\u00ed p\u0159est\u00e1vku. Nyn\u00ed mus\u00edme j\u00edt pod\u00e9l poln\u00ed cesty, ne\u017e po necel\u00fdch dvou kilometrech m\u016f\u017eeme odbo\u010dit na lesn\u00ed cestu. Naraz\u00edme na ceduli upozor\u0148uj\u00edc\u00ed, \u017ee lesn\u00ed cesta je ve v\u00fdstavb\u011b. Kr\u00e1tce nato stoj\u00edme p\u0159ed n\u00ed. Uprost\u0159ed lesa to nen\u00ed hezk\u00fd pohled. Brzy odbo\u010dujeme a kr\u00e1\u010d\u00edme op\u011bt po n\u00e1dhern\u00e9 cest\u011b, kter\u00e1 vede p\u0159\u00edmo ter\u00e9nem, nahoru a dol\u016f jako ob\u0159\u00ed horsk\u00e1 dr\u00e1ha. Dovede n\u00e1s p\u0159\u00edmo k na\u0161emu c\u00edli, bivakovac\u00edmu m\u00edstu (8 x 8 metr\u016f) u H\u016frky (Hurkenthal). Je asi 15:00 hodin. Jsme sami. Proto\u017ee u\u017e zase sv\u00edt\u00ed slunce, rozkl\u00e1d\u00e1me v\u0161echno oble\u010den\u00ed, aby uschlo, a stav\u00edme stan. Najednou p\u0159ed n\u00e1mi stoj\u00ed str\u00e1\u017ece n\u00e1rodn\u00edho parku. Laskav\u011b n\u00e1m vysv\u011btluje, \u017ee stan se sm\u00ed stav\u011bt a\u017e od 18:00 a \u017ee nejpozd\u011bji v 9:00 mus\u00edme m\u00edsto opustit. Znovu tedy v\u0161e bal\u00edme, odkl\u00e1d\u00e1me v\u011bci na lavi\u010dku a prohl\u00ed\u017e\u00edme si malebn\u00e9 okol\u00ed. Prastar\u00e9 stromy, vo\u0148av\u00e9 louky, z\u00e1\u0159\u00edc\u00ed zelen\u00e9 hory, nekone\u010dn\u00fd les. Jako ve snu. V podve\u010der u\u017e nejsme osam\u011bl\u00ed. M\u00edsto se zapln\u00ed mnoha, v\u011bt\u0161inou mlad\u00fdmi lidmi, dokonce i p\u011bti\u010dlennou rodinou. Znovu postaven\u00fd stan, j\u00eddlo, postel.<\/p><p><em>M\u00e9 dne\u0161n\u00ed \u010desk\u00e9 slovo: d\u00e9\u0161\u0165<\/em><\/p><p><strong>06.08.2024<br \/><\/strong>M\u00edsto opou\u0161t\u00edme brzy r\u00e1no a vyr\u00e1\u017e\u00edme k jezeru Laka. Dne\u0161n\u00ed trasa je jako sen. Lesn\u00ed p\u011b\u0161iny, ko\u0161at\u00e9 stromy, \u010dir\u00e9 lesn\u00ed blaho, dokonce zahl\u00e9dneme tet\u0159eva hlu\u0161ce.\nPak u\u017e jsme tam, \u00fapln\u011b sami na kouzeln\u00e9m m\u00edst\u011b. Pono\u0159\u00edme se do t\u00e9to kr\u00e1sy, dokud n\u00e1s ze sladk\u00e9ho sn\u011bn\u00ed nevytrhnou prvn\u00ed v\u00fdletn\u00edci.\nJdeme d\u00e1l, v\u0161ude nekone\u010dn\u00fd les. Do Pr\u00e1\u0161il p\u0159ich\u00e1z\u00edme v brzk\u00e9m odpoledni. I tady nar\u00e1\u017e\u00edme na minulost. Z vesnick\u00e9ho kostela toho moc nezbylo. Komunist\u00e9 ho v roce 1971 vyhodili do pov\u011bt\u0159\u00ed. Nyn\u00ed se jist\u00fd spolek sna\u017e\u00ed zachovat pam\u00e1tku a vr\u00e1til na sv\u011btlo sv\u011bta z\u00e1kladn\u00ed ze\u010f. Proto\u017ee kancel\u00e1\u0159 mal\u00e9ho Kempu je op\u011bt otev\u0159en\u00e1 a\u017e v 15:00 hodin, zastavujeme se v hosp\u016fdce. J\u00eddeln\u00ed l\u00edstek je v \u010de\u0161tin\u011b a na\u0161e mlad\u00e1 serv\u00edrka um\u00ed anglicky jen p\u00e1r slov. Vyb\u00edr\u00e1me naslepo. Ritschi dost\u00e1v\u00e1 kynut\u00e9 knedl\u00edky s bor\u016fvkami. Vosy je maj\u00ed tak\u00e9 r\u00e1dy. J\u00e1 dost\u00e1v\u00e1m knedl\u00edky se \u0161pen\u00e1tem a vep\u0159ov\u00fdm masem se sma\u017eenou cibulkou. V\u0161echno je vynikaj\u00edc\u00ed. V Kempu se ubytov\u00e1v\u00e1me na noc. U\u017e\u00edv\u00e1me si slun\u00ed\u010dka.<\/p><p><em>M\u00e9 dne\u0161n\u00ed \u010desk\u00e9 slovo: vosa<\/em><\/p>\t\t\t\t\t\t\t\t<\/div>\n\t\t\t\t<\/div>\n\t\t\t\t<div class=\"elementor-element elementor-element-a6539bd showmoreimages elementor-widget elementor-widget-gallery\" data-id=\"a6539bd\" data-element_type=\"widget\" data-e-type=\"widget\" data-settings=\"{&quot;columns&quot;:3,&quot;aspect_ratio&quot;:&quot;4:3&quot;,&quot;columns_tablet&quot;:3,&quot;lazyload&quot;:&quot;yes&quot;,&quot;gallery_layout&quot;:&quot;grid&quot;,&quot;columns_mobile&quot;:1,&quot;gap&quot;:{&quot;unit&quot;:&quot;px&quot;,&quot;size&quot;:10,&quot;sizes&quot;:[]},&quot;gap_tablet&quot;:{&quot;unit&quot;:&quot;px&quot;,&quot;size&quot;:10,&quot;sizes&quot;:[]},&quot;gap_mobile&quot;:{&quot;unit&quot;:&quot;px&quot;,&quot;size&quot;:10,&quot;sizes&quot;:[]},&quot;link_to&quot;:&quot;file&quot;,&quot;overlay_background&quot;:&quot;yes&quot;,&quot;content_hover_animation&quot;:&quot;fade-in&quot;}\" data-widget_type=\"gallery.default\">\n\t\t\t\t<div class=\"elementor-widget-container\">\n\t\t\t\t\t\t\t<div class=\"elementor-gallery__container\">\n\t\t\t\t\t\t\t<a class=\"e-gallery-item elementor-gallery-item elementor-animated-content\" href=\"https:\/\/www.gruenes-band.eu\/wp-content\/uploads\/2024\/08\/Bier_Limo_Quelle_Machander.jpg\" data-elementor-open-lightbox=\"yes\" data-elementor-lightbox-slideshow=\"a6539bd\" data-e-action-hash=\"#elementor-action%3Aaction%3Dlightbox%26settings%3DeyJpZCI6MTM5MiwidXJsIjoiaHR0cHM6XC9cL3d3dy5ncnVlbmVzLWJhbmQuZXVcL3dwLWNvbnRlbnRcL3VwbG9hZHNcLzIwMjRcLzA4XC9CaWVyX0xpbW9fUXVlbGxlX01hY2hhbmRlci5qcGciLCJzbGlkZXNob3ciOiJhNjUzOWJkIn0%3D\">\n\t\t\t\t\t<div class=\"e-gallery-image elementor-gallery-item__image\" data-thumbnail=\"https:\/\/www.gruenes-band.eu\/wp-content\/uploads\/2024\/08\/Bier_Limo_Quelle_Machander-768x1024.jpg\" data-width=\"768\" data-height=\"1024\" aria-label=\"\" role=\"img\" ><\/div>\n\t\t\t\t\t\t\t\t\t\t\t<div class=\"elementor-gallery-item__overlay\"><\/div>\n\t\t\t\t\t\t\t\t\t\t\t\t\t\t<\/a>\n\t\t\t\t\t\t\t<a class=\"e-gallery-item elementor-gallery-item elementor-animated-content\" href=\"https:\/\/www.gruenes-band.eu\/wp-content\/uploads\/2024\/08\/Certovo-jezero_Machander.jpg\" data-elementor-open-lightbox=\"yes\" data-elementor-lightbox-slideshow=\"a6539bd\" data-e-action-hash=\"#elementor-action%3Aaction%3Dlightbox%26settings%3DeyJpZCI6MTM5MywidXJsIjoiaHR0cHM6XC9cL3d3dy5ncnVlbmVzLWJhbmQuZXVcL3dwLWNvbnRlbnRcL3VwbG9hZHNcLzIwMjRcLzA4XC9DZXJ0b3ZvLWplemVyb19NYWNoYW5kZXIuanBnIiwic2xpZGVzaG93IjoiYTY1MzliZCJ9\">\n\t\t\t\t\t<div class=\"e-gallery-image elementor-gallery-item__image\" data-thumbnail=\"https:\/\/www.gruenes-band.eu\/wp-content\/uploads\/2024\/08\/Certovo-jezero_Machander-768x1024.jpg\" data-width=\"768\" data-height=\"1024\" aria-label=\"\" role=\"img\" ><\/div>\n\t\t\t\t\t\t\t\t\t\t\t<div class=\"elementor-gallery-item__overlay\"><\/div>\n\t\t\t\t\t\t\t\t\t\t\t\t\t\t<\/a>\n\t\t\t\t\t\t\t<a class=\"e-gallery-item elementor-gallery-item elementor-animated-content\" href=\"https:\/\/www.gruenes-band.eu\/wp-content\/uploads\/2024\/08\/Grenzbahnhof_Zelezna-Ruda_Machander.jpg\" data-elementor-open-lightbox=\"yes\" data-elementor-lightbox-slideshow=\"a6539bd\" data-e-action-hash=\"#elementor-action%3Aaction%3Dlightbox%26settings%3DeyJpZCI6MTM5NCwidXJsIjoiaHR0cHM6XC9cL3d3dy5ncnVlbmVzLWJhbmQuZXVcL3dwLWNvbnRlbnRcL3VwbG9hZHNcLzIwMjRcLzA4XC9HcmVuemJhaG5ob2ZfWmVsZXpuYS1SdWRhX01hY2hhbmRlci5qcGciLCJzbGlkZXNob3ciOiJhNjUzOWJkIn0%3D\">\n\t\t\t\t\t<div class=\"e-gallery-image elementor-gallery-item__image\" data-thumbnail=\"https:\/\/www.gruenes-band.eu\/wp-content\/uploads\/2024\/08\/Grenzbahnhof_Zelezna-Ruda_Machander-768x1024.jpg\" data-width=\"768\" data-height=\"1024\" aria-label=\"\" role=\"img\" ><\/div>\n\t\t\t\t\t\t\t\t\t\t\t<div class=\"elementor-gallery-item__overlay\"><\/div>\n\t\t\t\t\t\t\t\t\t\t\t\t\t\t<\/a>\n\t\t\t\t\t\t\t<a class=\"e-gallery-item elementor-gallery-item elementor-animated-content\" href=\"https:\/\/www.gruenes-band.eu\/wp-content\/uploads\/2024\/08\/Hurka_Machander.jpg\" data-elementor-open-lightbox=\"yes\" data-elementor-lightbox-slideshow=\"a6539bd\" data-e-action-hash=\"#elementor-action%3Aaction%3Dlightbox%26settings%3DeyJpZCI6MTM5NSwidXJsIjoiaHR0cHM6XC9cL3d3dy5ncnVlbmVzLWJhbmQuZXVcL3dwLWNvbnRlbnRcL3VwbG9hZHNcLzIwMjRcLzA4XC9IdXJrYV9NYWNoYW5kZXIuanBnIiwic2xpZGVzaG93IjoiYTY1MzliZCJ9\">\n\t\t\t\t\t<div class=\"e-gallery-image elementor-gallery-item__image\" data-thumbnail=\"https:\/\/www.gruenes-band.eu\/wp-content\/uploads\/2024\/08\/Hurka_Machander-768x576.jpg\" data-width=\"768\" data-height=\"576\" aria-label=\"\" role=\"img\" ><\/div>\n\t\t\t\t\t\t\t\t\t\t\t<div class=\"elementor-gallery-item__overlay\"><\/div>\n\t\t\t\t\t\t\t\t\t\t\t\t\t\t<\/a>\n\t\t\t\t\t\t\t<a class=\"e-gallery-item elementor-gallery-item elementor-animated-content\" href=\"https:\/\/www.gruenes-band.eu\/wp-content\/uploads\/2024\/08\/Kirche_Zelezna-Ruda_Machander.jpg\" data-elementor-open-lightbox=\"yes\" data-elementor-lightbox-slideshow=\"a6539bd\" data-e-action-hash=\"#elementor-action%3Aaction%3Dlightbox%26settings%3DeyJpZCI6MTM5NiwidXJsIjoiaHR0cHM6XC9cL3d3dy5ncnVlbmVzLWJhbmQuZXVcL3dwLWNvbnRlbnRcL3VwbG9hZHNcLzIwMjRcLzA4XC9LaXJjaGVfWmVsZXpuYS1SdWRhX01hY2hhbmRlci5qcGciLCJzbGlkZXNob3ciOiJhNjUzOWJkIn0%3D\">\n\t\t\t\t\t<div class=\"e-gallery-image elementor-gallery-item__image\" data-thumbnail=\"https:\/\/www.gruenes-band.eu\/wp-content\/uploads\/2024\/08\/Kirche_Zelezna-Ruda_Machander-768x1024.jpg\" data-width=\"768\" data-height=\"1024\" aria-label=\"\" role=\"img\" ><\/div>\n\t\t\t\t\t\t\t\t\t\t\t<div class=\"elementor-gallery-item__overlay\"><\/div>\n\t\t\t\t\t\t\t\t\t\t\t\t\t\t<\/a>\n\t\t\t\t\t\t\t<a class=\"e-gallery-item elementor-gallery-item elementor-animated-content\" href=\"https:\/\/www.gruenes-band.eu\/wp-content\/uploads\/2024\/08\/Laka_Machander.jpg\" data-elementor-open-lightbox=\"yes\" data-elementor-lightbox-slideshow=\"a6539bd\" data-e-action-hash=\"#elementor-action%3Aaction%3Dlightbox%26settings%3DeyJpZCI6MTM5NywidXJsIjoiaHR0cHM6XC9cL3d3dy5ncnVlbmVzLWJhbmQuZXVcL3dwLWNvbnRlbnRcL3VwbG9hZHNcLzIwMjRcLzA4XC9MYWthX01hY2hhbmRlci5qcGciLCJzbGlkZXNob3ciOiJhNjUzOWJkIn0%3D\">\n\t\t\t\t\t<div class=\"e-gallery-image elementor-gallery-item__image\" data-thumbnail=\"https:\/\/www.gruenes-band.eu\/wp-content\/uploads\/2024\/08\/Laka_Machander-768x1024.jpg\" data-width=\"768\" data-height=\"1024\" aria-label=\"\" role=\"img\" ><\/div>\n\t\t\t\t\t\t\t\t\t\t\t<div class=\"elementor-gallery-item__overlay\"><\/div>\n\t\t\t\t\t\t\t\t\t\t\t\t\t\t<\/a>\n\t\t\t\t\t\t\t<a class=\"e-gallery-item elementor-gallery-item elementor-animated-content\" href=\"https:\/\/www.gruenes-band.eu\/wp-content\/uploads\/2024\/08\/TeerstrasseNationalpark_Machander.jpg\" data-elementor-open-lightbox=\"yes\" data-elementor-lightbox-slideshow=\"a6539bd\" data-e-action-hash=\"#elementor-action%3Aaction%3Dlightbox%26settings%3DeyJpZCI6MTM5OCwidXJsIjoiaHR0cHM6XC9cL3d3dy5ncnVlbmVzLWJhbmQuZXVcL3dwLWNvbnRlbnRcL3VwbG9hZHNcLzIwMjRcLzA4XC9UZWVyc3RyYXNzZU5hdGlvbmFscGFya19NYWNoYW5kZXIuanBnIiwic2xpZGVzaG93IjoiYTY1MzliZCJ9\">\n\t\t\t\t\t<div class=\"e-gallery-image elementor-gallery-item__image\" data-thumbnail=\"https:\/\/www.gruenes-band.eu\/wp-content\/uploads\/2024\/08\/TeerstrasseNationalpark_Machander-768x1024.jpg\" data-width=\"768\" data-height=\"1024\" aria-label=\"\" role=\"img\" ><\/div>\n\t\t\t\t\t\t\t\t\t\t\t<div class=\"elementor-gallery-item__overlay\"><\/div>\n\t\t\t\t\t\t\t\t\t\t\t\t\t\t<\/a>\n\t\t\t\t\t\t\t<a class=\"e-gallery-item elementor-gallery-item elementor-animated-content\" href=\"https:\/\/www.gruenes-band.eu\/wp-content\/uploads\/2024\/08\/Baum_Hurka_Machander.jpg\" data-elementor-open-lightbox=\"yes\" data-elementor-lightbox-slideshow=\"a6539bd\" data-e-action-hash=\"#elementor-action%3Aaction%3Dlightbox%26settings%3DeyJpZCI6MTM5OSwidXJsIjoiaHR0cHM6XC9cL3d3dy5ncnVlbmVzLWJhbmQuZXVcL3dwLWNvbnRlbnRcL3VwbG9hZHNcLzIwMjRcLzA4XC9CYXVtX0h1cmthX01hY2hhbmRlci5qcGciLCJzbGlkZXNob3ciOiJhNjUzOWJkIn0%3D\">\n\t\t\t\t\t<div class=\"e-gallery-image elementor-gallery-item__image\" data-thumbnail=\"https:\/\/www.gruenes-band.eu\/wp-content\/uploads\/2024\/08\/Baum_Hurka_Machander-768x1024.jpg\" data-width=\"768\" data-height=\"1024\" aria-label=\"\" role=\"img\" ><\/div>\n\t\t\t\t\t\t\t\t\t\t\t<div class=\"elementor-gallery-item__overlay\"><\/div>\n\t\t\t\t\t\t\t\t\t\t\t\t\t\t<\/a>\n\t\t\t\t\t<\/div>\n\t\t\t\t\t<\/div>\n\t\t\t\t<\/div>\n\t\t\t\t\t<\/div>\n\t\t\t\t<\/div>\n\t\t\t\t<\/div>","protected":false},"excerpt":{"rendered":"<p>Cesta Olivera Machandera pod\u00e9l Zlat\u00e9 stezky v Zelen\u00e9m p\u00e1su: N\u00fdrsko -\u017delezn\u00e1 Ruda - H\u016frka - Pr\u00e1\u0161ily<\/p>","protected":false},"author":2,"featured_media":1390,"comment_status":"closed","ping_status":"closed","sticky":false,"template":"","format":"standard","meta":{"footnotes":""},"categories":[55],"tags":[],"class_list":["post-1389","post","type-post","status-publish","format-standard","has-post-thumbnail","hentry","category-grenzblog"],"_links":{"self":[{"href":"https:\/\/www.gruenes-band.eu\/cz\/wp-json\/wp\/v2\/posts\/1389","targetHints":{"allow":["GET"]}}],"collection":[{"href":"https:\/\/www.gruenes-band.eu\/cz\/wp-json\/wp\/v2\/posts"}],"about":[{"href":"https:\/\/www.gruenes-band.eu\/cz\/wp-json\/wp\/v2\/types\/post"}],"author":[{"embeddable":true,"href":"https:\/\/www.gruenes-band.eu\/cz\/wp-json\/wp\/v2\/users\/2"}],"replies":[{"embeddable":true,"href":"https:\/\/www.gruenes-band.eu\/cz\/wp-json\/wp\/v2\/comments?post=1389"}],"version-history":[{"count":4,"href":"https:\/\/www.gruenes-band.eu\/cz\/wp-json\/wp\/v2\/posts\/1389\/revisions"}],"predecessor-version":[{"id":1402,"href":"https:\/\/www.gruenes-band.eu\/cz\/wp-json\/wp\/v2\/posts\/1389\/revisions\/1402"}],"wp:featuredmedia":[{"embeddable":true,"href":"https:\/\/www.gruenes-band.eu\/cz\/wp-json\/wp\/v2\/media\/1390"}],"wp:attachment":[{"href":"https:\/\/www.gruenes-band.eu\/cz\/wp-json\/wp\/v2\/media?parent=1389"}],"wp:term":[{"taxonomy":"category","embeddable":true,"href":"https:\/\/www.gruenes-band.eu\/cz\/wp-json\/wp\/v2\/categories?post=1389"},{"taxonomy":"post_tag","embeddable":true,"href":"https:\/\/www.gruenes-band.eu\/cz\/wp-json\/wp\/v2\/tags?post=1389"}],"curies":[{"name":"wp","href":"https:\/\/api.w.org\/{rel}","templated":true}]}}