{"id":2136,"date":"2025-05-21T10:09:54","date_gmt":"2025-05-21T08:09:54","guid":{"rendered":"https:\/\/www.gruenes-band.eu\/?p=2136"},"modified":"2025-05-23T12:15:25","modified_gmt":"2025-05-23T10:15:25","slug":"vergangenheit-und-zukunft-des-gruenen-bandes-als-lernangebot-fuer-schulen","status":"publish","type":"post","link":"https:\/\/www.gruenes-band.eu\/cz\/vergangenheit-und-zukunft-des-gruenen-bandes-als-lernangebot-fuer-schulen\/","title":{"rendered":"Minulost a budoucnost Zelen\u00e9ho p\u00e1su jako n\u00e1m\u011bt pro v\u00fduku ve \u0161kol\u00e1ch"},"content":{"rendered":"<div data-elementor-type=\"wp-post\" data-elementor-id=\"2136\" class=\"elementor elementor-2136\" data-elementor-post-type=\"post\">\n\t\t\t\t<div class=\"elementor-element elementor-element-925d162 e-flex e-con-boxed e-con e-parent\" data-id=\"925d162\" data-element_type=\"container\" data-e-type=\"container\">\n\t\t\t\t\t<div class=\"e-con-inner\">\n\t\t\t\t<div class=\"elementor-element elementor-element-6ecad29 elementor-widget elementor-widget-text-editor\" data-id=\"6ecad29\" data-element_type=\"widget\" data-e-type=\"widget\" data-widget_type=\"text-editor.default\">\n\t\t\t\t<div class=\"elementor-widget-container\">\n\t\t\t\t\t\t\t\t\t<p>\u017d\u00e1ci se maj\u00ed sezn\u00e1mit s neobvyklou krajinou Zelen\u00e9ho p\u00e1su a nau\u010dit se vn\u00edmat i v\u011bci, kter\u00e9 nejsou na prvn\u00ed pohled viditeln\u00e9. Projekt vych\u00e1z\u00ed z \u0159ady ot\u00e1zek a odpov\u011bd\u00ed, kter\u00e9 \u017e\u00e1ci hledaj\u00ed p\u0159i r\u016fzn\u00fdch aktivit\u00e1ch venku v krajin\u011b Zelen\u00e9ho p\u00e1su, v Centru Bavaria Bohemia nebo tak\u00e9 ve t\u0159\u00edd\u011b:<\/p><ul><li>St\u00e1la na tomto nerovn\u00e9m, stromy porostl\u00e9m m\u00edst\u011b d\u0159\u00edve vesnice?<\/li><li>Jak\u00e9 stopy zanechaly totalitn\u00ed re\u017eimy 20. stolet\u00ed v krajin\u011b Zelen\u00e9ho p\u00e1su?<\/li><li>Jak do\u0161lo k vyhn\u00e1n\u00ed sudetsk\u00fdch N\u011bmc\u016f a jak\u00e9 d\u016fsledky m\u016f\u017eeme dodnes pozorovat na \u010desko-bavorsk\u00e9 hranici?<\/li><li>Pro\u010d vypad\u00e1 les v Bavorsku jinak ne\u017e sousedn\u00ed les v \u010cesk\u00e9 republice, p\u0159esto\u017ee roste ve stejn\u00fdch p\u0159\u00edrodn\u00edch podm\u00ednk\u00e1ch?<\/li><li>Je pravda, \u017ee dnes sta\u010d\u00ed t\u0159i lid\u00e9, aby obhospoda\u0159ili 250 hektar\u016f p\u016fdy? Co by na to \u0159ekli zem\u011bd\u011blci p\u0159ed sto lety?<\/li><li>Jak vypadaj\u00ed pole v Bavorsku, kde st\u00e1t respektoval soukrom\u00e9 vlastnictv\u00ed, a jak vypadaj\u00ed v \u010cesk\u00e9 republice, kde komunistick\u00fd st\u00e1t zn\u00e1rodnil zem\u011bd\u011blstv\u00ed a pod\u0159\u00eddil ho pl\u00e1novan\u00e9mu hospod\u00e1\u0159stv\u00ed?<\/li><\/ul><p>Centrum Bavaria Bohemia formuluje t\u00e9mata a ot\u00e1zky, konzultuje je s pedagogy s praktick\u00fdmi zku\u0161enostmi a organizuje pilotn\u00ed programy pro \u017e\u00e1ky r\u016fzn\u00fdch typ\u016f \u0161kol. \u0160kolen\u00ed u\u010ditel\u016f, kter\u00e9 se konalo ve dnech 28. a 29. dubna v Mari\u00e1nsk\u00fdch L\u00e1zn\u00edch a v Zelen\u00e9m p\u00e1su, uk\u00e1zalo, jak\u00fdm zp\u016fsobem pokro\u010dil projekt podporovan\u00fd bavorsk\u00fdm zemsk\u00fdm sn\u011bmem a metodicky doprov\u00e1zen\u00fd ministerstvem \u0161kolstv\u00ed a kultury.<\/p><p>M\u011bsto Mari\u00e1nsk\u00e9 L\u00e1zn\u011b, zapsan\u00e9 na seznamu sv\u011btov\u00e9ho d\u011bdictv\u00ed UNESCO, bylo po p\u0159edchoz\u00edch setk\u00e1n\u00edch v Sch\u00f6nsee a Rybn\u00edku \/ Waier vybr\u00e1no jako m\u00edsto kon\u00e1n\u00ed konference, aby se zd\u016fraznilo kulturn\u00ed d\u011bdictv\u00ed, kter\u00e9 rovn\u011b\u017e pat\u0159\u00ed k Zelen\u00e9mu p\u00e1su. Zm\u011bny a p\u0159evraty, kter\u00e9 jsou charakteristick\u00e9 pro Zelen\u00fd p\u00e1s, lze pozorovat tak\u00e9 na v\u00fdvoji l\u00e1ze\u0148stv\u00ed v Mari\u00e1nsk\u00fdch L\u00e1zn\u00edch.<\/p><p>Sudeton\u011bmeck\u00e9 m\u011bsto v historick\u00e9m Egerlandu rostlo v 19. stolet\u00ed velmi rychle. Sch\u00e1zela se zde smet\u00e1nka z cel\u00e9 Evropy, kter\u00e1 l\u00e1ze\u0148sk\u00e9mu m\u00edstu dod\u00e1vala mezin\u00e1rodn\u00ed atmosf\u00e9ru. V dob\u011b nacismu slou\u017eilo l\u00e1ze\u0148sk\u00e9 m\u011bsto k odpo\u010dinku voj\u00e1k\u016f a \u010desk\u00fdch d\u011bln\u00edk\u016f, kte\u0159\u00ed pracovali ve v\u00e1le\u010dn\u00e9m pr\u016fmyslu. V obdob\u00ed re\u00e1ln\u00e9ho socialismu fungovaly l\u00e1zn\u011b jako tov\u00e1rna, kde si d\u011bln\u00edci dob\u00edjeli baterky pro dal\u0161\u00ed pr\u00e1ci pro st\u00e1t. Po roce 1989 bylo nutn\u00e9 naj\u00edt novou klientelu a nov\u00fd obchodn\u00ed model \u2013 co\u017e se zjevn\u011b poda\u0159ilo, proto\u017ee dnes do Mari\u00e1nsk\u00fdch L\u00e1zn\u00ed op\u011bt p\u0159ij\u00ed\u017ed\u011bj\u00ed lid\u00e9 z cel\u00e9ho sv\u011bta.<\/p><p>Na r\u016fzn\u00fdch vzd\u011bl\u00e1vac\u00edch m\u00edstech v Zelen\u00e9m p\u00e1su budou m\u00edt \u0161koln\u00ed t\u0159\u00eddy mo\u017enost sezn\u00e1mit se p\u0159\u00edmo na m\u00edst\u011b s t\u00e9maty ze \u0161koln\u00edch osnov d\u011bjepisu, zem\u011bpisu a ob\u010dansk\u00e9 v\u00fdchovy. Od n\u00e1siln\u011b vylidn\u011bn\u00e9 b\u00fdval\u00e9 vojensk\u00e9 zak\u00e1zan\u00e9 z\u00f3ny, kter\u00e1 se stala Evropsk\u00fdm zelen\u00fdm p\u00e1sem, a\u017e po l\u00e1ze\u0148sk\u00e9 m\u011bsto, kter\u00e9 bylo ned\u00e1vno spolu s \u0159adou dal\u0161\u00edch evropsk\u00fdch l\u00e1ze\u0148sk\u00fdch m\u011bst zaps\u00e1no na seznam sv\u011btov\u00e9ho d\u011bdictv\u00ed UNESCO. V st\u0159edn\u011bdob\u00e9m horizontu by m\u011bl b\u00fdt do seznamu UNESCO zaps\u00e1n i Zelen\u00fd p\u00e1s. V r\u00e1mci studie proveditelnosti a v pr\u016fb\u011bhu procesu pod\u00e1v\u00e1n\u00ed \u017e\u00e1dosti se uk\u00e1zalo, \u017ee nejlep\u0161\u00ed vyhl\u00eddky m\u00e1 kombinace kulturn\u00edho a p\u0159\u00edrodn\u00edho d\u011bdictv\u00ed.<\/p><p class=\"translation-block\"><em>\u201eV r\u00e1mci vzd\u011bl\u00e1vac\u00edho projektu M\u00edsto pozn\u00e1v\u00e1n\u00ed Zelen\u00fd p\u00e1s vyv\u00edj\u00edme nab\u00eddky p\u0159izp\u016fsoben\u00e9 u\u010debn\u00edm pl\u00e1n\u016fm od 7. t\u0159\u00eddy, kter\u00e9 lze \u010d\u00e1ste\u010dn\u011b realizovat ve form\u011b workshop\u016f na \u0161kol\u00e1ch a \u010d\u00e1ste\u010dn\u011b v fascinuj\u00edc\u00ed krajin\u011b Zelen\u00e9ho p\u00e1su,\u201c<\/em> uv\u00e1d\u00ed \u0159editelka CeBB Dr. Veronika Hofinger. Soub\u011b\u017en\u011b s t\u00edm prob\u00edh\u00e1 pr\u016fb\u011b\u017en\u00e1 koordinace s skupinou u\u010ditel\u016f z r\u016fzn\u00fdch typ\u016f \u0161kol.<\/p><p>Jedn\u00edm z u\u010ditel\u016f, kte\u0159\u00ed se pod\u00edlej\u00ed na r\u016fzn\u00fdch aktivit\u00e1ch projektu M\u00edsto pozn\u00e1n\u00ed Zelen\u00fd p\u00e1s, je Andreas Bucher z odborn\u00e9ho u\u010dili\u0161t\u011b v Chamu. Projektu poskytuje poradenstv\u00ed na z\u00e1klad\u011b sv\u00fdch zku\u0161enost\u00ed ze \u0161koln\u00ed praxe a se sv\u00fdmi \u017e\u00e1ky se \u00fa\u010dastn\u00ed pilotn\u00edch akc\u00ed. Jeho \u017e\u00e1ci absolvovali 15 kilometr\u016f dlouhou t\u00faru po Zelen\u00e9m p\u00e1su. \u010casto bez mobiln\u00edho sign\u00e1lu, s mokr\u00fdma nohama, ale v n\u00e1dhern\u00e9 krajin\u011b. Ve\u010der pak t\u00e1bor\u00e1k s op\u00e9k\u00e1n\u00edm klob\u00e1s a s\u00fdra. Andreas Bucher chce sv\u00fdm \u017e\u00e1k\u016fm zprost\u0159edkovat neoby\u010dejn\u00e9 z\u00e1\u017eitky a v tomto projektu je nach\u00e1z\u00ed.<\/p><p class=\"translation-block\">N\u011bkter\u00e9 aktivity budouc\u00edho \u0161koln\u00edho programu jsou velmi jednoduch\u00e9, jako nap\u0159\u00edklad spole\u010dn\u00e1 p\u0159\u00edprava sva\u010diny z region\u00e1ln\u00edch produkt\u016f, p\u0159i kter\u00e9 se jasn\u011b projev\u00ed rozd\u00edly a podobnosti ve stravovac\u00edch n\u00e1vyc\u00edch v Bavorsku a \u010cech\u00e1ch. Sva\u010dinu lze spojit s n\u00e1v\u0161t\u011bvou aktu\u00e1ln\u00ed v\u00fdstavy v CeBB v Sch\u00f6nsee, kter\u00e1 se rovn\u011b\u017e zab\u00fdv\u00e1 Zelen\u00fdm p\u00e1sem. <em>\u201eP\u0159i workshopech ve \u0161kol\u00e1ch pou\u017e\u00edv\u00e1me n\u00e1\u0161 muzejn\u00ed kufr: historie a sou\u010dasnost Zelen\u00e9ho p\u00e1su se d\u00edky origin\u00e1ln\u00edm historick\u00fdm p\u0159edm\u011bt\u016fm a plak\u00e1t\u016fm st\u00e1v\u00e1 doslova 'hmatatelnou',\u201c<\/em> \u0159\u00edk\u00e1 Jan \u0160\u00edcha, kter\u00fd v projektu p\u0159evzal roli historika. Teprve pot\u00e9 se vyr\u00e1\u017e\u00ed do p\u0159\u00edrody Zelen\u00e9ho p\u00e1su, kde informace za\u017e\u00edv\u00e1me jin\u00fdm zp\u016fsobem.<\/p><p class=\"translation-block\">Z pohledu u\u010ditel\u016f vznik\u00e1 v r\u00e1mci projektu M\u00edsto pozn\u00e1n\u00ed Zelen\u00fd p\u00e1s netradi\u010dn\u00ed nab\u00eddka, kter\u00e1 nov\u00fdm zp\u016fsobem probouz\u00ed pozornost \u017e\u00e1k\u016f a pom\u00e1h\u00e1 n\u00e1zorn\u011b naplnit u\u010debn\u00ed pl\u00e1n obsahem, kter\u00fd lze uchopit a poc\u00edtit. Kdy\u017e \u017e\u00e1ci objevuj\u00ed sotva viditeln\u00e9 zbytky b\u00fdval\u00fdch vesnic, uv\u011bdomuj\u00ed si hranice lidsk\u00e9 civilizace a politick\u00e9 zm\u011bny, kter\u00e9 ovlivnily \u017eivot p\u0159edchoz\u00edch generac\u00ed. <em>\u201eV\u017edy se ale pt\u00e1me: Co se m\u016f\u017ee st\u00e1t ve va\u0161em \u017eivot\u011b? Jak byste se vypo\u0159\u00e1dali s neo\u010dek\u00e1van\u00fdmi situacemi, do kter\u00fdch v\u00e1s m\u016f\u017ee uvrhnout politick\u00fd v\u00fdvoj?\u201c<\/em> \u0159\u00edk\u00e1 Jan \u0160\u00edcha.<\/p><p>Dne\u0161n\u00ed sv\u011bt postupn\u011b ztr\u00e1c\u00ed jistoty, na kter\u00e9 jsme byli dlouho zvykl\u00ed. Jedn\u00edm z d\u016fvod\u016f, pro\u010d je vzd\u011bl\u00e1vac\u00ed program v klidn\u00e9m a kr\u00e1sn\u00e9m Zelen\u00e9m p\u00e1su skv\u011blou lekc\u00ed historie, udr\u017eiteln\u00e9ho rozvoje a dobr\u00e9ho sousedstv\u00ed v Evrop\u011b, jsou zm\u011bny k lep\u0161\u00edmu, kter\u00e9 se ud\u00e1ly za posledn\u00edch 35 let a za kter\u00e9 je t\u0159eba b\u00fdt vd\u011b\u010dn\u00ed a kter\u00e9 si zaslou\u017e\u00ed obdiv.<\/p>\t\t\t\t\t\t\t\t<\/div>\n\t\t\t\t<\/div>\n\t\t\t\t<div class=\"elementor-element elementor-element-cc5d786 showmoreimages elementor-widget elementor-widget-gallery\" data-id=\"cc5d786\" data-element_type=\"widget\" data-e-type=\"widget\" data-settings=\"{&quot;columns&quot;:3,&quot;aspect_ratio&quot;:&quot;4:3&quot;,&quot;columns_tablet&quot;:3,&quot;lazyload&quot;:&quot;yes&quot;,&quot;gallery_layout&quot;:&quot;grid&quot;,&quot;columns_mobile&quot;:1,&quot;gap&quot;:{&quot;unit&quot;:&quot;px&quot;,&quot;size&quot;:10,&quot;sizes&quot;:[]},&quot;gap_tablet&quot;:{&quot;unit&quot;:&quot;px&quot;,&quot;size&quot;:10,&quot;sizes&quot;:[]},&quot;gap_mobile&quot;:{&quot;unit&quot;:&quot;px&quot;,&quot;size&quot;:10,&quot;sizes&quot;:[]},&quot;link_to&quot;:&quot;file&quot;,&quot;overlay_background&quot;:&quot;yes&quot;,&quot;content_hover_animation&quot;:&quot;fade-in&quot;}\" data-widget_type=\"gallery.default\">\n\t\t\t\t<div class=\"elementor-widget-container\">\n\t\t\t\t\t\t\t<div class=\"elementor-gallery__container\">\n\t\t\t\t\t\t\t<a class=\"e-gallery-item elementor-gallery-item elementor-animated-content\" href=\"https:\/\/www.gruenes-band.eu\/wp-content\/uploads\/2025\/05\/Lernangebot-fuer-Schulen-St.-Apolonia.jpg\" data-elementor-open-lightbox=\"yes\" data-elementor-lightbox-slideshow=\"cc5d786\" data-e-action-hash=\"#elementor-action%3Aaction%3Dlightbox%26settings%3DeyJpZCI6MjEyNywidXJsIjoiaHR0cHM6XC9cL3d3dy5ncnVlbmVzLWJhbmQuZXVcL3dwLWNvbnRlbnRcL3VwbG9hZHNcLzIwMjVcLzA1XC9MZXJuYW5nZWJvdC1mdWVyLVNjaHVsZW4tU3QuLUFwb2xvbmlhLmpwZyIsInNsaWRlc2hvdyI6ImNjNWQ3ODYifQ%3D%3D\">\n\t\t\t\t\t<div class=\"e-gallery-image elementor-gallery-item__image\" data-thumbnail=\"https:\/\/www.gruenes-band.eu\/wp-content\/uploads\/2025\/05\/Lernangebot-fuer-Schulen-St.-Apolonia-768x576.jpg\" data-width=\"768\" data-height=\"576\" aria-label=\"\" role=\"img\" ><\/div>\n\t\t\t\t\t\t\t\t\t\t\t<div class=\"elementor-gallery-item__overlay\"><\/div>\n\t\t\t\t\t\t\t\t\t\t\t\t\t\t<\/a>\n\t\t\t\t\t\t\t<a class=\"e-gallery-item elementor-gallery-item elementor-animated-content\" href=\"https:\/\/www.gruenes-band.eu\/wp-content\/uploads\/2025\/05\/Lernangebot-fuer-Schulen-Marienbad.jpg\" data-elementor-open-lightbox=\"yes\" data-elementor-lightbox-slideshow=\"cc5d786\" data-e-action-hash=\"#elementor-action%3Aaction%3Dlightbox%26settings%3DeyJpZCI6MjE0MiwidXJsIjoiaHR0cHM6XC9cL3d3dy5ncnVlbmVzLWJhbmQuZXVcL3dwLWNvbnRlbnRcL3VwbG9hZHNcLzIwMjVcLzA1XC9MZXJuYW5nZWJvdC1mdWVyLVNjaHVsZW4tTWFyaWVuYmFkLmpwZyIsInNsaWRlc2hvdyI6ImNjNWQ3ODYifQ%3D%3D\">\n\t\t\t\t\t<div class=\"e-gallery-image elementor-gallery-item__image\" data-thumbnail=\"https:\/\/www.gruenes-band.eu\/wp-content\/uploads\/2025\/05\/Lernangebot-fuer-Schulen-Marienbad-768x576.jpg\" data-width=\"768\" data-height=\"576\" aria-label=\"\" role=\"img\" ><\/div>\n\t\t\t\t\t\t\t\t\t\t\t<div class=\"elementor-gallery-item__overlay\"><\/div>\n\t\t\t\t\t\t\t\t\t\t\t\t\t\t<\/a>\n\t\t\t\t\t<\/div>\n\t\t\t\t\t<\/div>\n\t\t\t\t<\/div>\n\t\t\t\t\t<\/div>\n\t\t\t\t<\/div>\n\t\t\t\t<\/div>","protected":false},"excerpt":{"rendered":"<p>M\u00edsto pozn\u00e1n\u00ed Evropsk\u00fd zelen\u00fd p\u00e1s je n\u00e1zev vzd\u011bl\u00e1vac\u00edho projektu, kter\u00fd Centrum Bavaria Bohemia v Sch\u00f6nsee rozv\u00edj\u00ed ji\u017e druh\u00fdm rokem. <\/p>","protected":false},"author":2,"featured_media":2127,"comment_status":"closed","ping_status":"closed","sticky":false,"template":"","format":"standard","meta":{"footnotes":""},"categories":[1],"tags":[],"class_list":["post-2136","post","type-post","status-publish","format-standard","has-post-thumbnail","hentry","category-allgemein"],"_links":{"self":[{"href":"https:\/\/www.gruenes-band.eu\/cz\/wp-json\/wp\/v2\/posts\/2136","targetHints":{"allow":["GET"]}}],"collection":[{"href":"https:\/\/www.gruenes-band.eu\/cz\/wp-json\/wp\/v2\/posts"}],"about":[{"href":"https:\/\/www.gruenes-band.eu\/cz\/wp-json\/wp\/v2\/types\/post"}],"author":[{"embeddable":true,"href":"https:\/\/www.gruenes-band.eu\/cz\/wp-json\/wp\/v2\/users\/2"}],"replies":[{"embeddable":true,"href":"https:\/\/www.gruenes-band.eu\/cz\/wp-json\/wp\/v2\/comments?post=2136"}],"version-history":[{"count":7,"href":"https:\/\/www.gruenes-band.eu\/cz\/wp-json\/wp\/v2\/posts\/2136\/revisions"}],"predecessor-version":[{"id":2145,"href":"https:\/\/www.gruenes-band.eu\/cz\/wp-json\/wp\/v2\/posts\/2136\/revisions\/2145"}],"wp:featuredmedia":[{"embeddable":true,"href":"https:\/\/www.gruenes-band.eu\/cz\/wp-json\/wp\/v2\/media\/2127"}],"wp:attachment":[{"href":"https:\/\/www.gruenes-band.eu\/cz\/wp-json\/wp\/v2\/media?parent=2136"}],"wp:term":[{"taxonomy":"category","embeddable":true,"href":"https:\/\/www.gruenes-band.eu\/cz\/wp-json\/wp\/v2\/categories?post=2136"},{"taxonomy":"post_tag","embeddable":true,"href":"https:\/\/www.gruenes-band.eu\/cz\/wp-json\/wp\/v2\/tags?post=2136"}],"curies":[{"name":"wp","href":"https:\/\/api.w.org\/{rel}","templated":true}]}}