{"id":2146,"date":"2025-05-23T12:12:38","date_gmt":"2025-05-23T10:12:38","guid":{"rendered":"https:\/\/www.gruenes-band.eu\/?p=2146"},"modified":"2025-05-23T12:23:48","modified_gmt":"2025-05-23T10:23:48","slug":"das-projekt-das-blaue-band-im-gruenen-band-verbindet-rastplaetze-am-wasser-im-gruenen-band","status":"publish","type":"post","link":"https:\/\/www.gruenes-band.eu\/cz\/das-projekt-das-blaue-band-im-gruenen-band-verbindet-rastplaetze-am-wasser-im-gruenen-band\/","title":{"rendered":"Projekt \u201eModry p\u00e1s v Zelen\u00e9m p\u00e1su\u201c spojuje odpo\u010dinkov\u00e1 m\u00edsta u vody v Zelen\u00e9m p\u00e1su"},"content":{"rendered":"<div data-elementor-type=\"wp-post\" data-elementor-id=\"2146\" class=\"elementor elementor-2146\" data-elementor-post-type=\"post\">\n\t\t\t\t<div class=\"elementor-element elementor-element-81b3c0d e-flex e-con-boxed e-con e-parent\" data-id=\"81b3c0d\" data-element_type=\"container\" data-e-type=\"container\">\n\t\t\t\t\t<div class=\"e-con-inner\">\n\t\t\t\t<div class=\"elementor-element elementor-element-427b69f elementor-widget elementor-widget-text-editor\" data-id=\"427b69f\" data-element_type=\"widget\" data-e-type=\"widget\" data-widget_type=\"text-editor.default\">\n\t\t\t\t<div class=\"elementor-widget-container\">\n\t\t\t\t\t\t\t\t\t<p>Evropsk\u00fd Zelen\u00fd p\u00e1s spojuje ochranu p\u0159\u00edrody, pr\u00e1ci na pam\u00e1tce a usm\u00ed\u0159en\u00ed a udr\u017eiteln\u00fd rozvoj, mimo jin\u00e9 prost\u0159ednictv\u00edm \u0161etrn\u00e9ho cestovn\u00edho ruchu.<\/p><p class=\"translation-block\">Objevte Zelen\u00fd p\u00e1s pod\u00e9l evropsk\u00e9ho hlavn\u00edho vodn\u00edho rozvod\u00ed a odpo\u010di\u0148te si na lavi\u010dk\u00e1ch, kter\u00e9 vyrobila odborn\u00e1 \u0161kola v Neunburgu vorm Wald a darovaly Rotary kluby <em>Plze\u0148 Beseda<\/em> a <em>Hornofalck\u00fd les \/ Oberviechtach<\/em>.<\/p><p><strong>Vodn\u00ed rozvod\u00ed Dunaj \u2013 Labe<\/strong><br \/>V pohrani\u010dn\u00ed oblasti mezi \u010ceskou republikou a Spolkovou republikou N\u011bmeckou se nach\u00e1z\u00ed jeden z velk\u00fdch evropsk\u00fdch hlavn\u00edch vodn\u00edch rozvod\u00ed mezi Atlantick\u00fdm oce\u00e1nem a \u010cern\u00fdm mo\u0159em. Z men\u0161\u00edho hlediska se jedn\u00e1 o vodn\u00ed rozvod\u00ed mezi povod\u00edm Labe a Dunaje. Z\u00e1padn\u011b od horsk\u00e9ho h\u0159ebene mezi N\u011bmeckem a \u010ceskou republikou te\u010de voda z na\u0161eho stanovi\u0161t\u011b p\u0159es \u0159eky Schwarzach, Naab a Dunaj do \u010cern\u00e9ho mo\u0159e, v\u00fdchodn\u011b od rozvod\u00ed p\u0159es \u0159eky Berounka, Vltava a Labe do Severn\u00edho mo\u0159e.<\/p><p>Pro vodn\u00ed toky v oblasti rozvod\u00ed jsou charakteristick\u00e9 prameny a mal\u00e9 potoky, proto\u017ee zde vodn\u00ed toky vznikaj\u00ed. Rozvod\u00ed a povod\u00ed jsou d\u016fle\u017eit\u00e9 p\u0159edev\u0161\u00edm z hlediska hydrologie a ekologie vodn\u00edch tok\u016f.<\/p><p>V na\u0161em regionu prot\u00edn\u00e1 rozvod\u00ed hranici mezi N\u011bmeckem a \u010ceskou republikou, n\u011bkdy na \u010desk\u00e9, jindy na n\u011bmeck\u00e9 stran\u011b nebo p\u0159\u00edmo na hranici. Na severu prot\u00edn\u00e1 rozvod\u00ed severn\u00ed \u010d\u00e1st B\u00e4rnau a odtud opou\u0161t\u00ed pohrani\u010dn\u00ed oblast a\u017e k poho\u0159\u00ed Smr\u010diny. Na jihu prot\u00edn\u00e1 rozvod\u00ed pohrani\u010dn\u00ed oblast, a\u017e se napoj\u00ed na hranici mezi \u010ceskou republikou a Rakouskem.<\/p>\t\t\t\t\t\t\t\t<\/div>\n\t\t\t\t<\/div>\n\t\t\t\t\t<\/div>\n\t\t\t\t<\/div>\n\t\t\t\t<\/div>","protected":false},"excerpt":{"rendered":"<p>Evropsk\u00fd Zelen\u00fd p\u00e1s spojuje lidi a regiony, kter\u00e9 kdysi odd\u011blovala \u017delezn\u00e1 opona \u2013 na v\u00edce ne\u017e 12 500 km nap\u0159\u00ed\u010d Evropou. <\/p>","protected":false},"author":2,"featured_media":2154,"comment_status":"closed","ping_status":"closed","sticky":false,"template":"","format":"standard","meta":{"footnotes":""},"categories":[1],"tags":[],"class_list":["post-2146","post","type-post","status-publish","format-standard","has-post-thumbnail","hentry","category-allgemein"],"_links":{"self":[{"href":"https:\/\/www.gruenes-band.eu\/cz\/wp-json\/wp\/v2\/posts\/2146","targetHints":{"allow":["GET"]}}],"collection":[{"href":"https:\/\/www.gruenes-band.eu\/cz\/wp-json\/wp\/v2\/posts"}],"about":[{"href":"https:\/\/www.gruenes-band.eu\/cz\/wp-json\/wp\/v2\/types\/post"}],"author":[{"embeddable":true,"href":"https:\/\/www.gruenes-band.eu\/cz\/wp-json\/wp\/v2\/users\/2"}],"replies":[{"embeddable":true,"href":"https:\/\/www.gruenes-band.eu\/cz\/wp-json\/wp\/v2\/comments?post=2146"}],"version-history":[{"count":4,"href":"https:\/\/www.gruenes-band.eu\/cz\/wp-json\/wp\/v2\/posts\/2146\/revisions"}],"predecessor-version":[{"id":2151,"href":"https:\/\/www.gruenes-band.eu\/cz\/wp-json\/wp\/v2\/posts\/2146\/revisions\/2151"}],"wp:featuredmedia":[{"embeddable":true,"href":"https:\/\/www.gruenes-band.eu\/cz\/wp-json\/wp\/v2\/media\/2154"}],"wp:attachment":[{"href":"https:\/\/www.gruenes-band.eu\/cz\/wp-json\/wp\/v2\/media?parent=2146"}],"wp:term":[{"taxonomy":"category","embeddable":true,"href":"https:\/\/www.gruenes-band.eu\/cz\/wp-json\/wp\/v2\/categories?post=2146"},{"taxonomy":"post_tag","embeddable":true,"href":"https:\/\/www.gruenes-band.eu\/cz\/wp-json\/wp\/v2\/tags?post=2146"}],"curies":[{"name":"wp","href":"https:\/\/api.w.org\/{rel}","templated":true}]}}