{"id":2174,"date":"2025-04-04T17:35:50","date_gmt":"2025-04-04T15:35:50","guid":{"rendered":"https:\/\/www.gruenes-band.eu\/?p=2174"},"modified":"2025-07-02T17:37:14","modified_gmt":"2025-07-02T15:37:14","slug":"neues-projekt-zukunftsregion-gruenes-band","status":"publish","type":"post","link":"https:\/\/www.gruenes-band.eu\/cz\/neues-projekt-zukunftsregion-gruenes-band\/","title":{"rendered":"Nov\u00fd projekt \u201cZelen\u00fd p\u00e1s \u2013 region budoucnosti\u201d"},"content":{"rendered":"<div data-elementor-type=\"wp-post\" data-elementor-id=\"2174\" class=\"elementor elementor-2174\" data-elementor-post-type=\"post\">\n\t\t\t\t<div class=\"elementor-element elementor-element-c041780 e-flex e-con-boxed e-con e-parent\" data-id=\"c041780\" data-element_type=\"container\" data-e-type=\"container\">\n\t\t\t\t\t<div class=\"e-con-inner\">\n\t\t\t\t<div class=\"elementor-element elementor-element-dde340b elementor-widget elementor-widget-text-editor\" data-id=\"dde340b\" data-element_type=\"widget\" data-e-type=\"widget\" data-widget_type=\"text-editor.default\">\n\t\t\t\t<div class=\"elementor-widget-container\">\n\t\t\t\t\t\t\t\t\t<p>Zelen\u00fd p\u00e1s spojuje regiony nap\u0159\u00ed\u010d Evropou, kter\u00e9 byly odd\u011bleny \u017eeleznou oponou. P\u0159\u00edrodn\u00ed a kulturn\u00ed d\u011bdictv\u00ed je v Evrop\u011b jedine\u010dn\u00e9.<\/p><p>Ale co p\u0159esn\u011b je Zelen\u00fd p\u00e1s? Jak\u00fd historick\u00fd, spole\u010densk\u00fd a politick\u00fd v\u00fdvoj ho charakterizuje? Jak lze spole\u010dn\u011b utv\u00e1\u0159et jeho budouc\u00ed rozvoj? Na tyto ot\u00e1zky se v r\u00e1mci projektu sna\u017e\u00ed odpov\u011bd\u011bt odborn\u00edci z Bavorska a \u010cesk\u00e9 republiky. V\u00fdsledky budou prezentov\u00e1ny formou um\u011blecky zpracovan\u00fdch interaktivn\u00edch v\u00fdstav a publikac\u00ed. Zelen\u00fd p\u00e1s p\u0159isp\u00edv\u00e1 k v\u011bdom\u00e9mu a reflektovan\u00e9mu p\u0159\u00edstupu k velmi zvl\u00e1\u0161tn\u00ed evropsk\u00e9 kulturn\u00ed krajin\u011b a k ocen\u011bn\u00ed siln\u00fdch str\u00e1nek regionu.<span class=\"-wm-apple-converted-space\">\u00a0<\/span><\/p><p>Prvn\u00ed t\u00e9ma, kter\u00e9 p\u0159edstav\u00edme na podzim 2025, nese n\u00e1zev \u201e15 kilometr\u016f, 3 krajiny\u201c a zab\u00fdv\u00e1 se v\u00fdvojem krajiny jako v\u00fdrazu politick\u00fdch rozhodnut\u00ed: Od pozemkov\u00fdch \u00faprav, kolektivizace, z\u0159\u00edzen\u00ed uzav\u0159en\u00e9ho vojensk\u00e9ho prostoru a\u017e po sou\u010dasn\u00e9 probl\u00e9my.<span class=\"-wm-apple-converted-space\">\u00a0<\/span><\/p><p>St\u00e1tn\u00ed tajemn\u00edk a koordin\u00e1tor pro spolupr\u00e1ci s \u010ceskou republiku Martin Sch\u00f6ffel osobn\u011b p\u0159edal rozhodnut\u00ed o financov\u00e1n\u00ed v Centru Bavaria Bohemia. Birgit H\u00f6cherl jako z\u00e1stupkyn\u011b zemsk\u00e9ho rady uznala v\u00fdznam Zelen\u00e9ho p\u00e1su jako spojnice mezi Bavorskem a \u010ceskou republikou. Irene Tr\u00e4xler, m\u00edstop\u0159edsedkyn\u011b z\u0159izovatelsk\u00e9ho spolku, zd\u016fraznila v\u00fdznam Zelen\u00e9ho p\u00e1su pro v\u00fdchovu a vzd\u011bl\u00e1v\u00e1n\u00ed v oblasti evropsk\u00fdch hodnot a udr\u017eitelnosti. Radost z dal\u0161\u00ed podpory Centra Bavaria Bohemia vyj\u00e1d\u0159il tak\u00e9 n\u00e1m\u011bstek starosty m\u011bsta Sch\u00f6nsee Andreas Hopfner, kter\u00fd p\u0159edal upom\u00ednkov\u00fd p\u0159edm\u011bt zhotoven\u00fd ze sch\u00f6nseesk\u00e9 pali\u010dkovan\u00e9 krajky. Tak\u00e9 poho\u0161t\u011bn\u00ed bylo region\u00e1ln\u00ed: kysel\u00e9 klob\u00e1sy. Pro hornofranka Sch\u00f6ffela \u017e\u00e1dn\u00e9 p\u0159ekvapen\u00ed, ale \u010de\u0161t\u00ed host\u00e9 \u017easli.<span class=\"-wm-apple-converted-space\">\u00a0<\/span><\/p>\t\t\t\t\t\t\t\t<\/div>\n\t\t\t\t<\/div>\n\t\t\t\t\t<\/div>\n\t\t\t\t<\/div>\n\t\t\t\t<\/div>","protected":false},"excerpt":{"rendered":"<p>Centrum Bavaria Bohemia z\u00edskalo nov\u00fd projekt \u201eZelen\u00fd p\u00e1s - region budoucnosti\u201c, kter\u00fd bude realizov\u00e1n v p\u0159\u00ed\u0161t\u00edch \u010dty\u0159ech letech za podpory bavorsk\u00e9ho st\u00e1tn\u00edho ministerstva financ\u00ed a vlasti.<\/p>","protected":false},"author":2,"featured_media":2175,"comment_status":"closed","ping_status":"closed","sticky":false,"template":"","format":"standard","meta":{"footnotes":""},"categories":[1],"tags":[],"class_list":["post-2174","post","type-post","status-publish","format-standard","has-post-thumbnail","hentry","category-allgemein"],"_links":{"self":[{"href":"https:\/\/www.gruenes-band.eu\/cz\/wp-json\/wp\/v2\/posts\/2174","targetHints":{"allow":["GET"]}}],"collection":[{"href":"https:\/\/www.gruenes-band.eu\/cz\/wp-json\/wp\/v2\/posts"}],"about":[{"href":"https:\/\/www.gruenes-band.eu\/cz\/wp-json\/wp\/v2\/types\/post"}],"author":[{"embeddable":true,"href":"https:\/\/www.gruenes-band.eu\/cz\/wp-json\/wp\/v2\/users\/2"}],"replies":[{"embeddable":true,"href":"https:\/\/www.gruenes-band.eu\/cz\/wp-json\/wp\/v2\/comments?post=2174"}],"version-history":[{"count":4,"href":"https:\/\/www.gruenes-band.eu\/cz\/wp-json\/wp\/v2\/posts\/2174\/revisions"}],"predecessor-version":[{"id":2179,"href":"https:\/\/www.gruenes-band.eu\/cz\/wp-json\/wp\/v2\/posts\/2174\/revisions\/2179"}],"wp:featuredmedia":[{"embeddable":true,"href":"https:\/\/www.gruenes-band.eu\/cz\/wp-json\/wp\/v2\/media\/2175"}],"wp:attachment":[{"href":"https:\/\/www.gruenes-band.eu\/cz\/wp-json\/wp\/v2\/media?parent=2174"}],"wp:term":[{"taxonomy":"category","embeddable":true,"href":"https:\/\/www.gruenes-band.eu\/cz\/wp-json\/wp\/v2\/categories?post=2174"},{"taxonomy":"post_tag","embeddable":true,"href":"https:\/\/www.gruenes-band.eu\/cz\/wp-json\/wp\/v2\/tags?post=2174"}],"curies":[{"name":"wp","href":"https:\/\/api.w.org\/{rel}","templated":true}]}}