{"id":2271,"date":"2025-12-10T12:49:04","date_gmt":"2025-12-10T11:49:04","guid":{"rendered":"https:\/\/www.gruenes-band.eu\/?p=2271"},"modified":"2025-12-10T12:56:38","modified_gmt":"2025-12-10T11:56:38","slug":"angebot-fuer-schulen-neue-broschuere","status":"publish","type":"post","link":"https:\/\/www.gruenes-band.eu\/cz\/angebot-fuer-schulen-neue-broschuere\/","title":{"rendered":"Nab\u00eddka pro \u0161koly - nov\u00e1 bro\u017eura"},"content":{"rendered":"<div data-elementor-type=\"wp-post\" data-elementor-id=\"2271\" class=\"elementor elementor-2271\" data-elementor-post-type=\"post\">\n\t\t\t\t<div class=\"elementor-element elementor-element-e8df620 e-flex e-con-boxed e-con e-parent\" data-id=\"e8df620\" data-element_type=\"container\" data-e-type=\"container\">\n\t\t\t\t\t<div class=\"e-con-inner\">\n\t\t\t\t<div class=\"elementor-element elementor-element-3d21494 elementor-widget elementor-widget-text-editor\" data-id=\"3d21494\" data-element_type=\"widget\" data-e-type=\"widget\" data-widget_type=\"text-editor.default\">\n\t\t\t\t<div class=\"elementor-widget-container\">\n\t\t\t\t\t\t\t\t\t<p>Zelen\u00fd p\u00e1s spojuje regiony, kter\u00e9 kdysi odd\u011blovala \u017eelezn\u00e1 opona. Dnes je to jedine\u010dn\u00e1 krajina s vysokou ekologickou a kulturn\u011b-historickou hodnotou. Hranice, kter\u00e1 n\u00e1s d\u0159\u00edve odd\u011blovala, n\u00e1s dnes spojuje.<\/p><p>R\u00e1di bychom v\u00e1m p\u0159edstavili n\u00e1\u0161 vzd\u011bl\u00e1vac\u00ed program \u201eM\u00edsto pozn\u00e1n\u00ed Evropsk\u00fd zelen\u00fd p\u00e1s\u201c a projekt setk\u00e1v\u00e1n\u00ed \u201eU\u010den\u00ed v Zelen\u00e9m p\u00e1su\u201c. Bro\u017euru si m\u016f\u017eete zde st\u00e1hnout (pouze v NJ): <a href=\"https:\/\/www.gruenes-band.eu\/wp-content\/uploads\/2025\/12\/Lernort-Gruenes-Band.pdf\">https:\/\/www.gruenes-band.eu\/wp-content\/uploads\/2025\/12\/Lernort-Gruenes-Band.pdf<\/a><\/p><p>Vydejte se s n\u00e1mi na jednodenn\u00ed nebo v\u00edcedenn\u00ed exkurze do Zelen\u00e9ho p\u00e1su, kter\u00e9 mohou b\u00fdt jako \u0161koln\u00ed setk\u00e1n\u00ed finan\u010dn\u011b a organiza\u010dn\u011b podpo\u0159eny. K p\u0159\u00edprav\u011b nab\u00edz\u00edme \u00favodn\u00ed workshopy a \u201emuzejn\u00ed kufr\u201c ve va\u0161\u00ed \u0161kole.<\/p><p>Vzd\u011bl\u00e1vac\u00ed nab\u00eddky v Zelen\u00e9m p\u00e1su jsou realizov\u00e1ny spole\u010dn\u011b s na\u0161\u00edm \u010desk\u00fdm partnerem, organizac\u00ed Pam\u011b\u0165 n\u00e1roda.\u00a0<strong>Sm\u00ed\u0161en\u00fdm \u010desko-n\u011bmeck\u00fdm skupin\u00e1m nab\u00edz\u00edme rozs\u00e1hl\u00fd p\u0159\u00edsp\u011bvek na cestovn\u00e9, ubytov\u00e1n\u00ed a stravu.<\/strong><\/p><p>Vydejte se s n\u00e1mi na objevnou cestu \u2013 Zelen\u00fd p\u00e1s je nejkrat\u0161\u00ed cesta do jin\u00e9ho sv\u011bta.<\/p><p><div class=\"_df_book df-lite\" id=\"df_2278\"  _slug=\"2278\" data-title=\"angebote-fuer-schulen-lernort-gb\" wpoptions=\"true\" thumb=\"https:\/\/www.gruenes-band.eu\/wp-content\/uploads\/2025\/12\/lernort-gruenes-band-angebote-fuer-schulen.jpg\" thumbtype=\"\" ><\/div><script class=\"df-shortcode-script\" nowprocket type=\"application\/javascript\">window.option_df_2278 = {\"outline\":[],\"autoEnableOutline\":\"false\",\"autoEnableThumbnail\":\"false\",\"overwritePDFOutline\":\"false\",\"direction\":\"1\",\"pageSize\":\"0\",\"source\":\"https:\\\/\\\/www.gruenes-band.eu\\\/wp-content\\\/uploads\\\/2025\\\/12\\\/Lernort-Gruenes-Band.pdf\",\"wpOptions\":\"true\"}; if(window.DFLIP && window.DFLIP.parseBooks){window.DFLIP.parseBooks();}<\/script><\/p><p><em>D\u00edky podpo\u0159e programu EU INTERREG \u010cesk\u00e1 Republika \u2013 Bavorsko v r\u00e1mci projektu BYCZ 08-260 U\u010den\u00ed v Zelen\u00e9m p\u00e1su mohou b\u00fdt realizov\u00e1na \u0161koln\u00ed setk\u00e1n\u00ed a dal\u0161\u00ed vzd\u011bl\u00e1v\u00e1n\u00ed u\u010ditel\u016f. Program \u201eM\u00edsto pozn\u00e1n\u00ed Evropsk\u00fd zelen\u00fd p\u00e1s\u201c byl vypracov\u00e1n s podporou bavorsk\u00e9ho zemsk\u00e9ho sn\u011bmu a za doprovodu bavorsk\u00e9ho ministerstva \u0161kolstv\u00ed a kultury.<\/em><\/p>\t\t\t\t\t\t\t\t<\/div>\n\t\t\t\t<\/div>\n\t\t\t\t\t<\/div>\n\t\t\t\t<\/div>\n\t\t\t\t<\/div>","protected":false},"excerpt":{"rendered":"<p>Evropsk\u00fd zelen\u00fd p\u00e1s \u2013 objevovat sou\u010dasnost, rozum\u011bt minulosti, u\u010dit se pro budoucnost<\/p>","protected":false},"author":2,"featured_media":2269,"comment_status":"closed","ping_status":"closed","sticky":false,"template":"","format":"standard","meta":{"footnotes":""},"categories":[1],"tags":[],"class_list":["post-2271","post","type-post","status-publish","format-standard","has-post-thumbnail","hentry","category-allgemein"],"_links":{"self":[{"href":"https:\/\/www.gruenes-band.eu\/cz\/wp-json\/wp\/v2\/posts\/2271","targetHints":{"allow":["GET"]}}],"collection":[{"href":"https:\/\/www.gruenes-band.eu\/cz\/wp-json\/wp\/v2\/posts"}],"about":[{"href":"https:\/\/www.gruenes-band.eu\/cz\/wp-json\/wp\/v2\/types\/post"}],"author":[{"embeddable":true,"href":"https:\/\/www.gruenes-band.eu\/cz\/wp-json\/wp\/v2\/users\/2"}],"replies":[{"embeddable":true,"href":"https:\/\/www.gruenes-band.eu\/cz\/wp-json\/wp\/v2\/comments?post=2271"}],"version-history":[{"count":7,"href":"https:\/\/www.gruenes-band.eu\/cz\/wp-json\/wp\/v2\/posts\/2271\/revisions"}],"predecessor-version":[{"id":2284,"href":"https:\/\/www.gruenes-band.eu\/cz\/wp-json\/wp\/v2\/posts\/2271\/revisions\/2284"}],"wp:featuredmedia":[{"embeddable":true,"href":"https:\/\/www.gruenes-band.eu\/cz\/wp-json\/wp\/v2\/media\/2269"}],"wp:attachment":[{"href":"https:\/\/www.gruenes-band.eu\/cz\/wp-json\/wp\/v2\/media?parent=2271"}],"wp:term":[{"taxonomy":"category","embeddable":true,"href":"https:\/\/www.gruenes-band.eu\/cz\/wp-json\/wp\/v2\/categories?post=2271"},{"taxonomy":"post_tag","embeddable":true,"href":"https:\/\/www.gruenes-band.eu\/cz\/wp-json\/wp\/v2\/tags?post=2271"}],"curies":[{"name":"wp","href":"https:\/\/api.w.org\/{rel}","templated":true}]}}